{"id":550,"date":"2026-01-26T07:35:37","date_gmt":"2026-01-26T06:35:37","guid":{"rendered":"https:\/\/mondevis.com\/blog\/cession-droits-photo\/"},"modified":"2026-01-26T07:35:37","modified_gmt":"2026-01-26T06:35:37","slug":"cession-droits-photo","status":"publish","type":"post","link":"https:\/\/mondevis.com\/blog\/cession-droits-photo\/","title":{"rendered":"Cession de droits photo : que doit pr\u00e9voir votre contrat ?"},"content":{"rendered":"<p><strong>En bref<\/strong> : <strong>Un contrat de cession de droits photo<\/strong> clarifie l\u2019exploitation commerciale de vos images, pr\u00e9cise les droits d\u2019auteur c\u00e9d\u00e9s et prot\u00e8ge chaque partie contre les usages abusifs. Les \u00e9l\u00e9ments incontournables du contrat incluent : la <strong>dur\u00e9e<\/strong> d\u2019utilisation, le <strong>territoire<\/strong> couvert, les <strong>supports<\/strong> pr\u00e9vus, ainsi que la <strong>r\u00e9mun\u00e9ration<\/strong> du photographe. Sans ces \u00e9l\u00e9ments bien formalis\u00e9s, toute diffusion publique peut mener \u00e0 un litige ou \u00e0 la perte de revenus, selon le Code de la propri\u00e9t\u00e9 intellectuelle. Pour une campagne nationale digitale, comptez une r\u00e9mun\u00e9ration moyenne comprise entre <strong>350 et 600\u00a0\u20ac<\/strong> pour une licence de 3 ans, niveau constat\u00e9 aupr\u00e8s de plusieurs photographes professionnels. Voici comment structurer un contrat photo efficace en 2026 pour \u00e9viter les erreurs les plus fr\u00e9quentes et garantir vos droits d\u2019auteur.<\/p>\n\n<h2 class=\"wp-block-heading\">Cadrer un contrat de cession de droits\u00a0: les clauses essentielles<\/h2>\n\n<p>Un <strong>contrat photo<\/strong> solide s\u2019appuie sur trois piliers\u00a0: la dur\u00e9e, le territoire, les supports et formats concern\u00e9s. Ces param\u00e8tres, obligatoirement mentionn\u00e9s selon l\u2019article L.131-3 du Code de la propri\u00e9t\u00e9 intellectuelle, conditionnent la <strong>valeur \u00e9conomique<\/strong> de toute <strong>licence d\u2019utilisation<\/strong>. Par exemple, un cessionnaire ne peut l\u00e9galement ni diffuser ind\u00e9finiment une image, ni l\u2019exploiter dans le monde entier sans pr\u00e9ciser et r\u00e9mun\u00e9rer ces extensions. La cession de droits \u00e0 l\u2019image sans limitation ni r\u00e9mun\u00e9ration adapt\u00e9e reste largement contest\u00e9e devant les tribunaux.<\/p>\n\n<p>Un architecte d\u2019int\u00e9rieur fait photographier une r\u00e9novation\u00a0: la cession sur 2 ans, limit\u00e9e \u00e0 la France et au site web du cabinet, implique un tarif d\u2019environ <strong>500\u00a0\u20ac<\/strong>. Toute extension \u00e0 d\u2019autres supports\u00a0\u2013 affichage urbain, r\u00e9seaux sociaux internationaux\u00a0\u2013 doit \u00eatre formalis\u00e9e par avenant, entra\u00eenant une hausse du prix.<\/p>\n\n<figure class=\"wp-block-image size-full\"><img loading=\"lazy\" decoding=\"async\" width=\"1344\" height=\"768\" src=\"https:\/\/mondevis.com\/blog\/wp-content\/uploads\/2026\/01\/Cession-de-droits-photo-que-doit-prevoir-votre-contrat-1-1.jpg\" alt=\"d\u00e9couvrez les \u00e9l\u00e9ments essentiels \u00e0 inclure dans votre contrat de cession de droits photo pour prot\u00e9ger vos cr\u00e9ations et \u00e9viter les litiges.\" class=\"wp-image-549\" srcset=\"https:\/\/mondevis.com\/blog\/wp-content\/uploads\/2026\/01\/Cession-de-droits-photo-que-doit-prevoir-votre-contrat-1-1.jpg 1344w, https:\/\/mondevis.com\/blog\/wp-content\/uploads\/2026\/01\/Cession-de-droits-photo-que-doit-prevoir-votre-contrat-1-1-300x171.jpg 300w, https:\/\/mondevis.com\/blog\/wp-content\/uploads\/2026\/01\/Cession-de-droits-photo-que-doit-prevoir-votre-contrat-1-1-1024x585.jpg 1024w, https:\/\/mondevis.com\/blog\/wp-content\/uploads\/2026\/01\/Cession-de-droits-photo-que-doit-prevoir-votre-contrat-1-1-768x439.jpg 768w\" sizes=\"auto, (max-width: 1344px) 100vw, 1344px\" \/><\/figure>\n\n<p>En fixant chaque crit\u00e8re noir sur blanc, ni l\u2019annonceur ni le photographe ne risquent de confusion. Cette m\u00e9thode aligne les attentes sur la r\u00e9alit\u00e9 juridique et commerciale actuelle.<\/p>\n\n<h3 class=\"wp-block-heading\">Anticiper la n\u00e9gociation\u00a0: dur\u00e9e, p\u00e9rim\u00e8tre et supports<\/h3>\n\n<p>La <strong>dur\u00e9e d\u2019exploitation<\/strong> s\u2019\u00e9tend, pour un shooting \u00e9ditorial, sur 12 \u00e0 36\u00a0mois maximum, renouvelable par avenant. Une demande de cession perp\u00e9tuelle reste abusive dans 95\u00a0% des cas hors partenariat ou usage patrimonial. Le <strong>territoire<\/strong> (France, Europe, Monde) fait varier la r\u00e9mun\u00e9ration\u00a0: le passage d\u2019une diffusion nationale \u00e0 internationale peut quadrupler le prix initial.<\/p>\n\n<p>L\u2019indication pr\u00e9cise des <strong>supports<\/strong> (site web, catalogue, r\u00e9seaux sociaux, affichage 4x3) emp\u00eache toute ambigu\u00eft\u00e9 sur l\u2019usage. En 2026, l\u2019emploi massif de contenus sur Instagram ou YouTube n\u00e9cessite de lister les plateformes concern\u00e9es. Insuffisance contractuelle\u00a0: un client qui utilise votre image sur TikTok sans autorisation sp\u00e9cifique s\u2019expose \u00e0 un rappel \u00e0 l\u2019ordre, voire \u00e0 une facturation compl\u00e9mentaire.<\/p>\n\n<h2 class=\"wp-block-heading\">Grille tarifaire\u00a0: impact du contrat sur les droits photo<\/h2>\n\n<p>La <strong>r\u00e9mun\u00e9ration<\/strong> d\u00e9pend du p\u00e9rim\u00e8tre fix\u00e9 par le contrat. En 2026, le prix moyen pour une cession \u00e9ditoriale (1 an, national) se situe entre <strong>150 et 300\u00a0\u20ac<\/strong> par image. Pour du corporate web sur 3 ans, visez <strong>350 \u00e0 600\u00a0\u20ac<\/strong>. Les campagnes publicitaires 360\u00b0, couvrant plusieurs continents et supports, grimpent rapidement \u00e0 <strong>3\u00a0000\u20137\u00a0500\u00a0\u20ac<\/strong> par visuel.<\/p>\n\n<p>Chaque extension (dur\u00e9e, territoire, support suppl\u00e9mentaire) justifie une r\u00e9\u00e9valuation du devis. Cette gradation tarifaire d\u00e9coule directement du volume de diffusion et du risque de saturation de l\u2019\u0153uvre sur le march\u00e9. Pour mieux calibrer vos offres, analysez la <a href=\"https:\/\/mondevis.com\/blog\/droit-image-photographe\/\">d\u00e9finition des droits \u00e0 l\u2019image et du copyright en photographie<\/a> et consultez leur grille indicative.<\/p>\n\n<p>De nombreux prestataires s\u2019appuient aujourd\u2019hui sur des mod\u00e8les de contrats t\u00e9l\u00e9charg\u00e9s en ligne. Attention \u00e0 toujours personnaliser le document au regard du contexte pr\u00e9cis (mode, corporate, \u00e9v\u00e9nementiel, architecture, etc.).<\/p>\n\n<h3 class=\"wp-block-heading\">Processus s\u00e9curis\u00e9 avant signature et obligations des parties<\/h3>\n\n<p>L\u2019\u00e9laboration d\u2019un <strong>contrat de cession de droits photo<\/strong> suit cinq \u00e9tapes cl\u00e9s :<\/p>\n\n<p>1. \u00c9tablir un brief d\u00e9taill\u00e9 : objectifs, moodboard, supports demand\u00e9s.<br>\n2. R\u00e9diger un devis mentionnant clairement \u00ab\u00a0sous r\u00e9serve de contrat de cession\u00a0\u00bb ;<br>\n3. N\u00e9gocier les points durs : dur\u00e9e, territoire, nombre de supports ;<br>\n4. Formaliser l\u2019accord via signature (\u00e9lectronique possible) ;<br>\n5. Archiver le PDF du contrat et les \u00e9changes pour tra\u00e7abilit\u00e9.<\/p>\n\n<p>Cette organisation professionnelle prot\u00e8ge des litiges fr\u00e9quents li\u00e9s aux malentendus autour de la cession de copyright ou de l\u2019utilisation commerciale. Un BAT (\u00ab\u00a0Bon \u00e0 tirer\u00a0\u00bb) \u00e9vite les modifications r\u00e9currentes post-livraison.<\/p>\n\n<p>Exploitez la visibilit\u00e9 de plateformes sp\u00e9cialis\u00e9es car de nombreux annonceurs exigent d\u00e9sormais la signature d\u2019un contrat avant tout shooting r\u00e9mun\u00e9r\u00e9. D\u00e9couvrez les retours d\u2019exp\u00e9rience et conseils sur <a href=\"https:\/\/mondevis.com\/blog\/choisir-photographe-entreprise\/\">ce guide pour bien choisir un photographe corporate<\/a> pour votre structure.<\/p>\n\n<h2 class=\"wp-block-heading\">\u00c9viter les litiges fr\u00e9quents li\u00e9s au droit \u00e0 l\u2019image et \u00e0 l\u2019utilisation commerciale<\/h2>\n\n<p>L\u2019omission des clauses cl\u00e9s ou la tentation d\u2019accepter une cession trop large constituent les principales causes de pertes financi\u00e8res en photographie. Pr\u00e9voyez l\u2019interdiction formelle de toute <strong>sous-licence<\/strong> sauf accord \u00e9crit du photographe, ainsi qu\u2019une clause de reporting de diffusion \u00e0 charge du client. Contr\u00f4lez la bonne application du contrat gr\u00e2ce aux outils de surveillance comme Google Images ou aux rapports trimestriels fournis par votre client.<\/p>\n\n<p>En cas de litige, la plupart des contentieux se r\u00e9solvent \u00e0 l\u2019amiable via une r\u00e9gularisation imm\u00e9diate ou une nouvelle n\u00e9gociation. En l\u2019absence d\u2019accord, les tribunaux s\u2019appuient exclusivement sur les clauses formalis\u00e9es. D\u2019o\u00f9 l\u2019importance, en 2026, de structurer chaque contrat photo selon des conditions contractuelles irr\u00e9prochables.<\/p>\n\n<p>Pour aller plus loin sur tous les aspects juridiques li\u00e9s \u00e0 la cession de droits, consultez <a href=\"https:\/\/mondevis.com\/blog\/droit-image-photographe\/\">ce dossier complet sur le droit \u00e0 l\u2019image et la propri\u00e9t\u00e9 intellectuelle du photographe<\/a>.<\/p>\n\n<script type=\"application\/ld+json\">\n{\"@context\":\"https:\/\/schema.org\",\"@type\":\"FAQPage\",\"mainEntity\":[{\"@type\":\"Question\",\"name\":\"Une clause all-inclusive (u00ab droits inclus u00bb) suffit-elle u00e0 su00e9curiser le contrat photo ?\",\"acceptedAnswer\":{\"@type\":\"Answer\",\"text\":\"Non. Le Code de la propriu00e9tu00e9 intellectuelle exige de pru00e9ciser la duru00e9e, le territoire et les supports. Sans ces u00e9lu00e9ments, votre clause peut u00eatre considu00e9ru00e9e comme nulle, vous laissant libre de ru00e9clamer des droits supplu00e9mentaires.\"}},{\"@type\":\"Question\",\"name\":\"Qui reste propriu00e9taire des photos apru00e8s la signature du contrat ?\",\"acceptedAnswer\":{\"@type\":\"Answer\",\"text\":\"Le photographe conserve la propriu00e9tu00e9 intellectuelle et les droits moraux sur son u0153uvre, sauf cession expresse du copyright. Le client nu2019obtient quu2019une licence du2019utilisation selon les conditions fixu00e9es dans le contrat.\"}},{\"@type\":\"Question\",\"name\":\"Comment fixer la ru00e9munu00e9ration lors du2019une cession de droits photo ?\",\"acceptedAnswer\":{\"@type\":\"Answer\",\"text\":\"Elle du00e9pend de la duru00e9e, du territoire et des supports. Par exemple, une utilisation sur Internet en France pour 3 ans sera facturu00e9e en moyenne 350 u00e0 600 u20ac. Ajoutez une redevance pour chaque extension convenue.\"}},{\"@type\":\"Question\",\"name\":\"En cas de diffusion non autorisu00e9e, quelles du00e9marches engager ?\",\"acceptedAnswer\":{\"@type\":\"Answer\",\"text\":\"Commencez par signaler la violation u00e0 votre client pour tenter une ru00e9gularisation u00e0 lu2019amiable. Si la solution nu2019aboutit pas, saisissez la justice en vous appuyant sur le contrat et lu2019ensemble des u00e9changes archivu00e9s.\"}},{\"@type\":\"Question\",\"name\":\"Faut-il un contrat u00e9crit pour les projets corporate ?\",\"acceptedAnswer\":{\"@type\":\"Answer\",\"text\":\"Oui, tout usage professionnel exige un contrat de cession. Sans accord u00e9crit, seul le photographe peut exploiter les images, et aucune utilisation commerciale lu00e9gale nu2019est possible.\"}}]}\n<\/script>\n<h3>Une clause all-inclusive (\u00ab droits inclus \u00bb) suffit-elle \u00e0 s\u00e9curiser le contrat photo ?<\/h3>\n<p>Non. Le Code de la propri\u00e9t\u00e9 intellectuelle exige de pr\u00e9ciser la dur\u00e9e, le territoire et les supports. Sans ces \u00e9l\u00e9ments, votre clause peut \u00eatre consid\u00e9r\u00e9e comme nulle, vous laissant libre de r\u00e9clamer des droits suppl\u00e9mentaires.<\/p>\n<h3>Qui reste propri\u00e9taire des photos apr\u00e8s la signature du contrat ?<\/h3>\n<p>Le photographe conserve la propri\u00e9t\u00e9 intellectuelle et les droits moraux sur son \u0153uvre, sauf cession expresse du copyright. Le client n\u2019obtient qu\u2019une licence d\u2019utilisation selon les conditions fix\u00e9es dans le contrat.<\/p>\n<h3>Comment fixer la r\u00e9mun\u00e9ration lors d\u2019une cession de droits photo ?<\/h3>\n<p>Elle d\u00e9pend de la dur\u00e9e, du territoire et des supports. Par exemple, une utilisation sur Internet en France pour 3 ans sera factur\u00e9e en moyenne 350 \u00e0 600 \u20ac. Ajoutez une redevance pour chaque extension convenue.<\/p>\n<h3>En cas de diffusion non autoris\u00e9e, quelles d\u00e9marches engager ?<\/h3>\n<p>Commencez par signaler la violation \u00e0 votre client pour tenter une r\u00e9gularisation \u00e0 l\u2019amiable. Si la solution n\u2019aboutit pas, saisissez la justice en vous appuyant sur le contrat et l\u2019ensemble des \u00e9changes archiv\u00e9s.<\/p>\n<h3>Faut-il un contrat \u00e9crit pour les projets corporate ?<\/h3>\n<p>Oui, tout usage professionnel exige un contrat de cession. Sans accord \u00e9crit, seul le photographe peut exploiter les images, et aucune utilisation commerciale l\u00e9gale n\u2019est possible.<\/p>\n\n","protected":false},"excerpt":{"rendered":"<p>En bref : Un contrat de cession de droits photo clarifie l\u2019exploitation commerciale de vos images, pr\u00e9cise les droits d\u2019auteur c\u00e9d\u00e9s et prot\u00e8ge chaque partie contre les usages abusifs. Les \u00e9l\u00e9ments incontournables du contrat incluent : la dur\u00e9e d\u2019utilisation, le territoire couvert, les supports pr\u00e9vus, ainsi que la r\u00e9mun\u00e9ration du photographe. Sans ces \u00e9l\u00e9ments bien [&hellip;]<\/p>\n","protected":false},"author":1,"featured_media":548,"comment_status":"","ping_status":"","sticky":false,"template":"","format":"standard","meta":{"footnotes":""},"categories":[7],"tags":[],"class_list":["post-550","post","type-post","status-publish","format-standard","has-post-thumbnail","hentry","category-photographe"],"yoast_head":"<!-- This site is optimized with the Yoast SEO plugin v27.5 - https:\/\/yoast.com\/product\/yoast-seo-wordpress\/ -->\n<title>Cession de droits photo : que doit pr\u00e9voir votre contrat ? - Blog Mondevis<\/title>\n<meta name=\"description\" content=\"D\u00e9couvrez les cl\u00e9s pour bien r\u00e9diger un contrat de cession de droits photo et prot\u00e9ger vos \u0153uvres efficacement. Conseils essentiels \u00e0 conna\u00eetre.\" \/>\n<meta name=\"robots\" content=\"index, follow, max-snippet:-1, max-image-preview:large, max-video-preview:-1\" \/>\n<link rel=\"canonical\" href=\"https:\/\/mondevis.com\/blog\/cession-droits-photo\/\" \/>\n<meta property=\"og:locale\" content=\"fr_FR\" \/>\n<meta property=\"og:type\" content=\"article\" \/>\n<meta property=\"og:title\" content=\"Cession de droits photo : que doit pr\u00e9voir votre contrat ? - Blog Mondevis\" \/>\n<meta property=\"og:description\" content=\"D\u00e9couvrez les cl\u00e9s pour bien r\u00e9diger un contrat de cession de droits photo et prot\u00e9ger vos \u0153uvres efficacement. Conseils essentiels \u00e0 conna\u00eetre.\" \/>\n<meta property=\"og:url\" content=\"https:\/\/mondevis.com\/blog\/cession-droits-photo\/\" \/>\n<meta property=\"og:site_name\" content=\"Blog Mondevis\" \/>\n<meta property=\"article:published_time\" content=\"2026-01-26T06:35:37+00:00\" \/>\n<meta property=\"og:image\" content=\"https:\/\/mondevis.com\/blog\/wp-content\/uploads\/2026\/01\/Cession-de-droits-photo-que-doit-prevoir-votre-contrat-.jpg\" \/>\n\t<meta property=\"og:image:width\" content=\"1344\" \/>\n\t<meta property=\"og:image:height\" content=\"768\" \/>\n\t<meta property=\"og:image:type\" content=\"image\/jpeg\" \/>\n<meta name=\"author\" content=\"Dorian\" \/>\n<meta name=\"twitter:card\" content=\"summary_large_image\" \/>\n<meta name=\"twitter:label1\" content=\"\u00c9crit par\" \/>\n\t<meta name=\"twitter:data1\" content=\"Dorian\" \/>\n\t<meta name=\"twitter:label2\" content=\"Dur\u00e9e de lecture estim\u00e9e\" \/>\n\t<meta name=\"twitter:data2\" content=\"6 minutes\" \/>\n<script type=\"application\/ld+json\" class=\"yoast-schema-graph\">{\"@context\":\"https:\\\/\\\/schema.org\",\"@graph\":[{\"@type\":\"Article\",\"@id\":\"https:\\\/\\\/mondevis.com\\\/blog\\\/cession-droits-photo\\\/#article\",\"isPartOf\":{\"@id\":\"https:\\\/\\\/mondevis.com\\\/blog\\\/cession-droits-photo\\\/\"},\"author\":{\"name\":\"Dorian\",\"@id\":\"https:\\\/\\\/mondevis.com\\\/blog\\\/#\\\/schema\\\/person\\\/a6ebae99244a47b787d52db04b94f8f8\"},\"headline\":\"Cession de droits photo : que doit pr\u00e9voir votre contrat ?\",\"datePublished\":\"2026-01-26T06:35:37+00:00\",\"mainEntityOfPage\":{\"@id\":\"https:\\\/\\\/mondevis.com\\\/blog\\\/cession-droits-photo\\\/\"},\"wordCount\":1186,\"image\":{\"@id\":\"https:\\\/\\\/mondevis.com\\\/blog\\\/cession-droits-photo\\\/#primaryimage\"},\"thumbnailUrl\":\"https:\\\/\\\/mondevis.com\\\/blog\\\/wp-content\\\/uploads\\\/2026\\\/01\\\/Cession-de-droits-photo-que-doit-prevoir-votre-contrat-.jpg\",\"articleSection\":[\"Photographe\"],\"inLanguage\":\"fr-FR\"},{\"@type\":\"WebPage\",\"@id\":\"https:\\\/\\\/mondevis.com\\\/blog\\\/cession-droits-photo\\\/\",\"url\":\"https:\\\/\\\/mondevis.com\\\/blog\\\/cession-droits-photo\\\/\",\"name\":\"Cession de droits photo : que doit pr\u00e9voir votre contrat ? - Blog Mondevis\",\"isPartOf\":{\"@id\":\"https:\\\/\\\/mondevis.com\\\/blog\\\/#website\"},\"primaryImageOfPage\":{\"@id\":\"https:\\\/\\\/mondevis.com\\\/blog\\\/cession-droits-photo\\\/#primaryimage\"},\"image\":{\"@id\":\"https:\\\/\\\/mondevis.com\\\/blog\\\/cession-droits-photo\\\/#primaryimage\"},\"thumbnailUrl\":\"https:\\\/\\\/mondevis.com\\\/blog\\\/wp-content\\\/uploads\\\/2026\\\/01\\\/Cession-de-droits-photo-que-doit-prevoir-votre-contrat-.jpg\",\"datePublished\":\"2026-01-26T06:35:37+00:00\",\"author\":{\"@id\":\"https:\\\/\\\/mondevis.com\\\/blog\\\/#\\\/schema\\\/person\\\/a6ebae99244a47b787d52db04b94f8f8\"},\"description\":\"D\u00e9couvrez les cl\u00e9s pour bien r\u00e9diger un contrat de cession de droits photo et prot\u00e9ger vos \u0153uvres efficacement. Conseils essentiels \u00e0 conna\u00eetre.\",\"breadcrumb\":{\"@id\":\"https:\\\/\\\/mondevis.com\\\/blog\\\/cession-droits-photo\\\/#breadcrumb\"},\"inLanguage\":\"fr-FR\",\"potentialAction\":[{\"@type\":\"ReadAction\",\"target\":[\"https:\\\/\\\/mondevis.com\\\/blog\\\/cession-droits-photo\\\/\"]}]},{\"@type\":\"ImageObject\",\"inLanguage\":\"fr-FR\",\"@id\":\"https:\\\/\\\/mondevis.com\\\/blog\\\/cession-droits-photo\\\/#primaryimage\",\"url\":\"https:\\\/\\\/mondevis.com\\\/blog\\\/wp-content\\\/uploads\\\/2026\\\/01\\\/Cession-de-droits-photo-que-doit-prevoir-votre-contrat-.jpg\",\"contentUrl\":\"https:\\\/\\\/mondevis.com\\\/blog\\\/wp-content\\\/uploads\\\/2026\\\/01\\\/Cession-de-droits-photo-que-doit-prevoir-votre-contrat-.jpg\",\"width\":1344,\"height\":768,\"caption\":\"d\u00e9couvrez les \u00e9l\u00e9ments essentiels \u00e0 inclure dans un contrat de cession de droits photo pour prot\u00e9ger vos droits et \u00e9viter les litiges.\"},{\"@type\":\"BreadcrumbList\",\"@id\":\"https:\\\/\\\/mondevis.com\\\/blog\\\/cession-droits-photo\\\/#breadcrumb\",\"itemListElement\":[{\"@type\":\"ListItem\",\"position\":1,\"name\":\"Accueil\",\"item\":\"https:\\\/\\\/mondevis.com\\\/blog\\\/\"},{\"@type\":\"ListItem\",\"position\":2,\"name\":\"Cession de droits photo : que doit pr\u00e9voir votre contrat ?\"}]},{\"@type\":\"WebSite\",\"@id\":\"https:\\\/\\\/mondevis.com\\\/blog\\\/#website\",\"url\":\"https:\\\/\\\/mondevis.com\\\/blog\\\/\",\"name\":\"Blog Mondevis\",\"description\":\"\",\"potentialAction\":[{\"@type\":\"SearchAction\",\"target\":{\"@type\":\"EntryPoint\",\"urlTemplate\":\"https:\\\/\\\/mondevis.com\\\/blog\\\/?s={search_term_string}\"},\"query-input\":{\"@type\":\"PropertyValueSpecification\",\"valueRequired\":true,\"valueName\":\"search_term_string\"}}],\"inLanguage\":\"fr-FR\"},{\"@type\":\"Person\",\"@id\":\"https:\\\/\\\/mondevis.com\\\/blog\\\/#\\\/schema\\\/person\\\/a6ebae99244a47b787d52db04b94f8f8\",\"name\":\"Dorian\",\"image\":{\"@type\":\"ImageObject\",\"inLanguage\":\"fr-FR\",\"@id\":\"https:\\\/\\\/secure.gravatar.com\\\/avatar\\\/527e323e730b20c61af29436a56262bbb4a3e4ffb0660b4bf78d3ff690bf02c1?s=96&d=mm&r=g\",\"url\":\"https:\\\/\\\/secure.gravatar.com\\\/avatar\\\/527e323e730b20c61af29436a56262bbb4a3e4ffb0660b4bf78d3ff690bf02c1?s=96&d=mm&r=g\",\"contentUrl\":\"https:\\\/\\\/secure.gravatar.com\\\/avatar\\\/527e323e730b20c61af29436a56262bbb4a3e4ffb0660b4bf78d3ff690bf02c1?s=96&d=mm&r=g\",\"caption\":\"Dorian\"},\"sameAs\":[\"https:\\\/\\\/mondevis.com\\\/blog\"],\"url\":\"https:\\\/\\\/mondevis.com\\\/blog\\\/author\\\/scunadmin\\\/\"}]}<\/script>\n<!-- \/ Yoast SEO plugin. -->","yoast_head_json":{"title":"Cession de droits photo : que doit pr\u00e9voir votre contrat ? - Blog Mondevis","description":"D\u00e9couvrez les cl\u00e9s pour bien r\u00e9diger un contrat de cession de droits photo et prot\u00e9ger vos \u0153uvres efficacement. Conseils essentiels \u00e0 conna\u00eetre.","robots":{"index":"index","follow":"follow","max-snippet":"max-snippet:-1","max-image-preview":"max-image-preview:large","max-video-preview":"max-video-preview:-1"},"canonical":"https:\/\/mondevis.com\/blog\/cession-droits-photo\/","og_locale":"fr_FR","og_type":"article","og_title":"Cession de droits photo : que doit pr\u00e9voir votre contrat ? - Blog Mondevis","og_description":"D\u00e9couvrez les cl\u00e9s pour bien r\u00e9diger un contrat de cession de droits photo et prot\u00e9ger vos \u0153uvres efficacement. Conseils essentiels \u00e0 conna\u00eetre.","og_url":"https:\/\/mondevis.com\/blog\/cession-droits-photo\/","og_site_name":"Blog Mondevis","article_published_time":"2026-01-26T06:35:37+00:00","og_image":[{"width":1344,"height":768,"url":"https:\/\/mondevis.com\/blog\/wp-content\/uploads\/2026\/01\/Cession-de-droits-photo-que-doit-prevoir-votre-contrat-.jpg","type":"image\/jpeg"}],"author":"Dorian","twitter_card":"summary_large_image","twitter_misc":{"\u00c9crit par":"Dorian","Dur\u00e9e de lecture estim\u00e9e":"6 minutes"},"schema":{"@context":"https:\/\/schema.org","@graph":[{"@type":"Article","@id":"https:\/\/mondevis.com\/blog\/cession-droits-photo\/#article","isPartOf":{"@id":"https:\/\/mondevis.com\/blog\/cession-droits-photo\/"},"author":{"name":"Dorian","@id":"https:\/\/mondevis.com\/blog\/#\/schema\/person\/a6ebae99244a47b787d52db04b94f8f8"},"headline":"Cession de droits photo : que doit pr\u00e9voir votre contrat ?","datePublished":"2026-01-26T06:35:37+00:00","mainEntityOfPage":{"@id":"https:\/\/mondevis.com\/blog\/cession-droits-photo\/"},"wordCount":1186,"image":{"@id":"https:\/\/mondevis.com\/blog\/cession-droits-photo\/#primaryimage"},"thumbnailUrl":"https:\/\/mondevis.com\/blog\/wp-content\/uploads\/2026\/01\/Cession-de-droits-photo-que-doit-prevoir-votre-contrat-.jpg","articleSection":["Photographe"],"inLanguage":"fr-FR"},{"@type":"WebPage","@id":"https:\/\/mondevis.com\/blog\/cession-droits-photo\/","url":"https:\/\/mondevis.com\/blog\/cession-droits-photo\/","name":"Cession de droits photo : que doit pr\u00e9voir votre contrat ? - Blog Mondevis","isPartOf":{"@id":"https:\/\/mondevis.com\/blog\/#website"},"primaryImageOfPage":{"@id":"https:\/\/mondevis.com\/blog\/cession-droits-photo\/#primaryimage"},"image":{"@id":"https:\/\/mondevis.com\/blog\/cession-droits-photo\/#primaryimage"},"thumbnailUrl":"https:\/\/mondevis.com\/blog\/wp-content\/uploads\/2026\/01\/Cession-de-droits-photo-que-doit-prevoir-votre-contrat-.jpg","datePublished":"2026-01-26T06:35:37+00:00","author":{"@id":"https:\/\/mondevis.com\/blog\/#\/schema\/person\/a6ebae99244a47b787d52db04b94f8f8"},"description":"D\u00e9couvrez les cl\u00e9s pour bien r\u00e9diger un contrat de cession de droits photo et prot\u00e9ger vos \u0153uvres efficacement. Conseils essentiels \u00e0 conna\u00eetre.","breadcrumb":{"@id":"https:\/\/mondevis.com\/blog\/cession-droits-photo\/#breadcrumb"},"inLanguage":"fr-FR","potentialAction":[{"@type":"ReadAction","target":["https:\/\/mondevis.com\/blog\/cession-droits-photo\/"]}]},{"@type":"ImageObject","inLanguage":"fr-FR","@id":"https:\/\/mondevis.com\/blog\/cession-droits-photo\/#primaryimage","url":"https:\/\/mondevis.com\/blog\/wp-content\/uploads\/2026\/01\/Cession-de-droits-photo-que-doit-prevoir-votre-contrat-.jpg","contentUrl":"https:\/\/mondevis.com\/blog\/wp-content\/uploads\/2026\/01\/Cession-de-droits-photo-que-doit-prevoir-votre-contrat-.jpg","width":1344,"height":768,"caption":"d\u00e9couvrez les \u00e9l\u00e9ments essentiels \u00e0 inclure dans un contrat de cession de droits photo pour prot\u00e9ger vos droits et \u00e9viter les litiges."},{"@type":"BreadcrumbList","@id":"https:\/\/mondevis.com\/blog\/cession-droits-photo\/#breadcrumb","itemListElement":[{"@type":"ListItem","position":1,"name":"Accueil","item":"https:\/\/mondevis.com\/blog\/"},{"@type":"ListItem","position":2,"name":"Cession de droits photo : que doit pr\u00e9voir votre contrat ?"}]},{"@type":"WebSite","@id":"https:\/\/mondevis.com\/blog\/#website","url":"https:\/\/mondevis.com\/blog\/","name":"Blog Mondevis","description":"","potentialAction":[{"@type":"SearchAction","target":{"@type":"EntryPoint","urlTemplate":"https:\/\/mondevis.com\/blog\/?s={search_term_string}"},"query-input":{"@type":"PropertyValueSpecification","valueRequired":true,"valueName":"search_term_string"}}],"inLanguage":"fr-FR"},{"@type":"Person","@id":"https:\/\/mondevis.com\/blog\/#\/schema\/person\/a6ebae99244a47b787d52db04b94f8f8","name":"Dorian","image":{"@type":"ImageObject","inLanguage":"fr-FR","@id":"https:\/\/secure.gravatar.com\/avatar\/527e323e730b20c61af29436a56262bbb4a3e4ffb0660b4bf78d3ff690bf02c1?s=96&d=mm&r=g","url":"https:\/\/secure.gravatar.com\/avatar\/527e323e730b20c61af29436a56262bbb4a3e4ffb0660b4bf78d3ff690bf02c1?s=96&d=mm&r=g","contentUrl":"https:\/\/secure.gravatar.com\/avatar\/527e323e730b20c61af29436a56262bbb4a3e4ffb0660b4bf78d3ff690bf02c1?s=96&d=mm&r=g","caption":"Dorian"},"sameAs":["https:\/\/mondevis.com\/blog"],"url":"https:\/\/mondevis.com\/blog\/author\/scunadmin\/"}]}},"_links":{"self":[{"href":"https:\/\/mondevis.com\/blog\/wp-json\/wp\/v2\/posts\/550","targetHints":{"allow":["GET"]}}],"collection":[{"href":"https:\/\/mondevis.com\/blog\/wp-json\/wp\/v2\/posts"}],"about":[{"href":"https:\/\/mondevis.com\/blog\/wp-json\/wp\/v2\/types\/post"}],"author":[{"embeddable":true,"href":"https:\/\/mondevis.com\/blog\/wp-json\/wp\/v2\/users\/1"}],"replies":[{"embeddable":true,"href":"https:\/\/mondevis.com\/blog\/wp-json\/wp\/v2\/comments?post=550"}],"version-history":[{"count":0,"href":"https:\/\/mondevis.com\/blog\/wp-json\/wp\/v2\/posts\/550\/revisions"}],"wp:featuredmedia":[{"embeddable":true,"href":"https:\/\/mondevis.com\/blog\/wp-json\/wp\/v2\/media\/548"}],"wp:attachment":[{"href":"https:\/\/mondevis.com\/blog\/wp-json\/wp\/v2\/media?parent=550"}],"wp:term":[{"taxonomy":"category","embeddable":true,"href":"https:\/\/mondevis.com\/blog\/wp-json\/wp\/v2\/categories?post=550"},{"taxonomy":"post_tag","embeddable":true,"href":"https:\/\/mondevis.com\/blog\/wp-json\/wp\/v2\/tags?post=550"}],"curies":[{"name":"wp","href":"https:\/\/api.w.org\/{rel}","templated":true}]}}