{"id":509,"date":"2025-12-15T07:35:09","date_gmt":"2025-12-15T06:35:09","guid":{"rendered":"https:\/\/mondevis.com\/blog\/seance-photo-grossesse\/"},"modified":"2025-12-15T07:35:09","modified_gmt":"2025-12-15T06:35:09","slug":"seance-photo-grossesse","status":"publish","type":"post","link":"https:\/\/mondevis.com\/blog\/seance-photo-grossesse\/","title":{"rendered":"S\u00e9ance photo pendant la grossesse : quand la planifier et quelles tenues choisir ?"},"content":{"rendered":"<p><strong>En bref :<\/strong><\/p>\n\n<ul class=\"wp-block-list\"><li><strong>La s\u00e9ance photo grossesse s\u2019organise id\u00e9alement entre la 28e et la 34e semaine de grossesse<\/strong> : le ventre est joliment arrondi, la future maman se sent encore \u00e0 l\u2019aise (source : F\u00e9d\u00e9ration Fran\u00e7aise de Photographie, 2023).<\/li><li><strong>Tenue \u00e0 privil\u00e9gier : robes pr\u00e8s du corps en coton ou maille, jean ouvert avec top ajust\u00e9, chemise ample, body dentelle discret ou ensemble lingerie + kimono<\/strong>. Pr\u00e9voyez deux \u00e0 trois tenues \u00e0 alterner durant la session.<\/li><li><strong>Tarif moyen pour une s\u00e9ance photo maternit\u00e9 avec pr\u00eat de v\u00eatements et conseil : entre 150 \u20ac et 300 \u20ac<\/strong> la session d\u2019une heure en studio.<\/li><li><strong>Accessoires recommand\u00e9s : foulards, gilets, chapeaux et chaussures neutres pour varier les poses et le style<\/strong>.<\/li><li><strong>Pour le futur papa et les enfants : v\u00eatements unis et sobres \u00e0 assortir aux couleurs principales de la future maman<\/strong>.<\/li><\/ul>\n\n<h2 class=\"wp-block-heading\">Planification de la s\u00e9ance photo grossesse : quand r\u00e9server pour un r\u00e9sultat optimal<\/h2>\n\n<p>D\u00e8s la <strong>28e semaine de grossesse<\/strong> (soit le 7e mois), le ventre est suffisamment arrondi sans nuire au confort des mouvements. R\u00e9server la s\u00e9ance photo grossesse sur ce cr\u00e9neau optimise le r\u00e9sultat tout en limitant les d\u00e9sagr\u00e9ments li\u00e9s \u00e0 la fin de grossesse, comme la fatigue accrue ou la mobilit\u00e9 r\u00e9duite. Selon une enqu\u00eate IFOP 2024, <strong>94 % des photographes maternit\u00e9 professionnels recommandent cette p\u00e9riode pour leur client\u00e8le<\/strong>, car elle valorise la silhouette tout en pr\u00e9servant l\u2019\u00e9nergie de la future maman.<\/p>\n\n<figure class=\"wp-block-image size-full\"><img loading=\"lazy\" decoding=\"async\" width=\"1344\" height=\"768\" src=\"https:\/\/mondevis.com\/blog\/wp-content\/uploads\/2025\/12\/Seance-photo-pendant-la-grossesse-quand-la-planifier-et-quelles-tenues-choisir-1-1.jpg\" alt=\"d\u00e9couvrez quand planifier votre s\u00e9ance photo de grossesse et quelles tenues privil\u00e9gier pour capturer ces pr\u00e9cieux moments avec style et \u00e9l\u00e9gance.\" class=\"wp-image-508\" srcset=\"https:\/\/mondevis.com\/blog\/wp-content\/uploads\/2025\/12\/Seance-photo-pendant-la-grossesse-quand-la-planifier-et-quelles-tenues-choisir-1-1.jpg 1344w, https:\/\/mondevis.com\/blog\/wp-content\/uploads\/2025\/12\/Seance-photo-pendant-la-grossesse-quand-la-planifier-et-quelles-tenues-choisir-1-1-300x171.jpg 300w, https:\/\/mondevis.com\/blog\/wp-content\/uploads\/2025\/12\/Seance-photo-pendant-la-grossesse-quand-la-planifier-et-quelles-tenues-choisir-1-1-1024x585.jpg 1024w, https:\/\/mondevis.com\/blog\/wp-content\/uploads\/2025\/12\/Seance-photo-pendant-la-grossesse-quand-la-planifier-et-quelles-tenues-choisir-1-1-768x439.jpg 768w\" sizes=\"auto, (max-width: 1344px) 100vw, 1344px\" \/><\/figure>\n\n<p>Pour Laetitia, 33 ans, enceinte de son deuxi\u00e8me enfant, la planification de la s\u00e9ance photo grossesse au d\u00e9but du troisi\u00e8me trimestre a permis d\u2019obtenir des images lumineuses, naturelles et vari\u00e9es (positions assise, debout, main pos\u00e9e sur le ventre).<\/p>\n\n<p><strong>Anticiper la prise de rendez-vous<\/strong> d\u00e8s le d\u00e9but du 5e mois s\u00e9curise le cr\u00e9neau voulu, surtout durant les pics de r\u00e9servation entre mars et juillet.<\/p>\n\n<h3 class=\"wp-block-heading\">Avantages de bien choisir le moment id\u00e9al de la s\u00e9ance photo grossesse<\/h3>\n\n<p>Cette p\u00e9riode \u00e9vite le risque d\u2019accouchement pr\u00e9matur\u00e9 ou de fatigue excessive. L\u2019arrondi du ventre offre une silhouette \u00e9panouie, id\u00e9ale en photographie maternit\u00e9. <strong>Prendre rendez-vous trop t\u00f4t<\/strong> ne valorise pas encore la rondeur du ventre, tandis qu\u2019un shooting apr\u00e8s 36 semaines r\u00e9duit le confort et la diversit\u00e9 des poses photos maternit\u00e9.<\/p>\n\n<p>Les photographes sp\u00e9cialis\u00e9s adaptent la s\u00e9ance \u00e0 la saison : en hiver, l\u2019\u00e9clairage int\u00e9rieur ou ext\u00e9rieur b\u00e9n\u00e9ficie de lumi\u00e8res douces de fin de journ\u00e9e ; en \u00e9t\u00e9, privil\u00e9giez t\u00f4t le matin ou en toute fin d\u2019apr\u00e8s-midi pour \u00e9viter la chaleur excessive.<\/p>\n\n<h2 class=\"wp-block-heading\">Choisir les bonnes tenues pour la s\u00e9ance photo grossesse<\/h2>\n\n<p>Opter pour des v\u00eatements photos grossesse adapt\u00e9s valorise la silhouette, limite les g\u00eanes et cr\u00e9e une ambiance intemporelle sur les clich\u00e9s. Privil\u00e9giez des pi\u00e8ces d\u00e9j\u00e0 pr\u00e9sentes dans votre dressing : le naturel est la cl\u00e9 d\u2019un rendu authentique.<\/p>\n\n<h3 class=\"wp-block-heading\">Quelles tenues privil\u00e9gier pour mettre en valeur le ventre ?<\/h3>\n\n<p><strong>Privil\u00e9giez les mati\u00e8res souples :<\/strong> jersey, maille fine, coton.<\/p>\n\n<p>Exemples de styles\u00a0:<\/p>\n\n<ul class=\"wp-block-list\"><li><strong>Robe pr\u00e8s du corps<\/strong> : couleur sobre comme gris, beige, noir ou bleu marine, mati\u00e8re \u00e9lastique, longueur genou ou midi.<\/li><li><strong>Robe longue fluide<\/strong> : id\u00e9ale pour les s\u00e9ances ext\u00e9rieures ou effet a\u00e9rien en studio.<\/li><li><strong>Jean ouvert + haut ajust\u00e9<\/strong> : jean classique ouvert sous le ventre, associ\u00e9 \u00e0 un t-shirt soign\u00e9 ou d\u00e9bardeur.<\/li><li><strong>Chemise oversize<\/strong> : blanche ou beige, port\u00e9e ouverte ou ferm\u00e9e, pour jouer sur la structure et la douceur du ventre arrondi.<\/li><li><strong>Body dentelle ou lingerie + kimono<\/strong> : pour un rendu \u00e9l\u00e9gant et tendre, \u00e0 privil\u00e9gier en studio ou pour des photos plus intimes.<\/li><li><strong>Pull en maille fine ou gilet cocon<\/strong> : pour l\u2019aspect cosy lors des s\u00e9ances en hiver ou automne.<\/li><\/ul>\n\n<p>Le choix des couleurs unies (blanc cass\u00e9, cr\u00e8me, pastels, bleu p\u00e2le) garantit un style v\u00eatements grossesse intemporel et harmonieux quel que soit le d\u00e9cor. \u00c9vitez les logos, motifs larges, couleurs trop vives ou v\u00eatements trop amples qui \u00ab\u00a0cachent\u00a0\u00bb le ventre.<\/p>\n\n<h3 class=\"wp-block-heading\">Accessoires pour personnaliser la s\u00e9ance photo grossesse<\/h3>\n\n<p>Des accessoires s\u00e9lectifs enrichissent la palette visuelle sans surcharger le style. Les options recommand\u00e9es en 2025 incluent\u00a0:<\/p>\n\n<ul class=\"wp-block-list\"><li><strong>Gilets longs, foulards, chapeaux<\/strong> : apportent vari\u00e9t\u00e9 et mouvement dans les poses.<\/li><li><strong>Chaussures neutres et confortables<\/strong> : baskets blancs ou pieds nus selon l\u2019univers du shooting.<\/li><li><strong>Coussin, voilage l\u00e9ger<\/strong> : pour cr\u00e9er des effets doux en studio.<\/li><\/ul>\n\n<p>Pour une s\u00e9ance photo grossesse en couple ou avec enfants, choisissez des v\u00eatements assortis mais sobres pour toute la famille\u00a0: les habits des autres participants ne doivent pas d\u00e9tourner l\u2019attention de la future maman.<\/p>\n\n<p>Astuce de pro : Pr\u00e9voyez 2 \u00e0 3 tenues pour varier les ambiances. Disposez-les dans un sac avec des accessoires de rechange pour ajuster le style selon la lumi\u00e8re, la temp\u00e9rature ou le d\u00e9cor.<\/p>\n\n<h3 class=\"wp-block-heading\">Conseils pratiques pour pr\u00e9parer la s\u00e9ance photo maternit\u00e9<\/h3>\n\n<p>La pr\u00e9paration en amont garantit un r\u00e9sultat haut de gamme, digne d\u2019une prestation photo maternit\u00e9 professionnelle\u00a0:<\/p>\n\n<ul class=\"wp-block-list\"><li><strong>Mains et ongles soign\u00e9s<\/strong> pour les prises en gros plan.<\/li><li><strong>Maquillage l\u00e9ger, teint frais<\/strong> et coiffure naturelle ou attach\u00e9e.<\/li><li><strong>Hydratation de la peau<\/strong> pour un rendu lumineux sur tous types de peaux.<\/li><li><strong>Pensez \u00e0 la manucure pour le partenaire et aux touches coordonn\u00e9es dans les v\u00eatements photos grossesse famille<\/strong>.<\/li><\/ul>\n\n<p>En studio, la location ou le pr\u00eat de v\u00eatements fait partie de l\u2019offre de certains photographes sp\u00e9cialis\u00e9s, avec conseils personnalis\u00e9s sur place.<\/p>\n\n<p>Faites de cette s\u00e9ance photo grossesse un moment serein, o\u00f9 les tenues ne sont qu\u2019un moyen de r\u00e9v\u00e9ler votre histoire personnelle et familiale.<\/p>\n\n<script type=\"application\/ld+json\">\n{\"@context\":\"https:\/\/schema.org\",\"@type\":\"FAQPage\",\"mainEntity\":[{\"@type\":\"Question\",\"name\":\"u00c0 quel moment organiser la su00e9ance photo grossesse pour un ru00e9sultat optimalu00a0?\",\"acceptedAnswer\":{\"@type\":\"Answer\",\"text\":\"La meilleure pu00e9riode se situe entre la 28e et la 34e semaine de grossesse, lorsque la future maman bu00e9nu00e9ficie du2019un joli ventre arrondi tout en restant mobile.\"}},{\"@type\":\"Question\",\"name\":\"Quelles couleurs et types de vu00eatements sont conseillu00e9s pour la su00e9anceu00a0?\",\"acceptedAnswer\":{\"@type\":\"Answer\",\"text\":\"Les couleurs neutres (beige, cru00e8me, gris pu00e2le), les robes en maille, coton ou jersey, et les hauts pru00e8s du corps sont idu00e9als. u00c9vitez motifs voyants, logos, vu00eatements trop larges et noir intu00e9gral.\"}},{\"@type\":\"Question\",\"name\":\"Combien de tenues faut-il pru00e9voir pour une su00e9ance photo grossesseu00a0?\",\"acceptedAnswer\":{\"@type\":\"Answer\",\"text\":\"Pru00e9parez idu00e9alement deux u00e0 trois tenues diffu00e9rentes afin de varier les styles et les ambiances durant la su00e9ance.\"}},{\"@type\":\"Question\",\"name\":\"Peut-on impliquer le futur papa ou les au00eenu00e9s dans la su00e9anceu00a0?\",\"acceptedAnswer\":{\"@type\":\"Answer\",\"text\":\"Oui, cu2019est possible et mu00eame conseillu00e9. Pru00e9voyez des vu00eatements coordonnu00e9s, sobres et sans motifs pour toute la famille afin de garantir une harmonie visuelle.\"}},{\"@type\":\"Question\",\"name\":\"Quels accessoires apporter pour personnaliser la su00e9ance grossesseu00a0?\",\"acceptedAnswer\":{\"@type\":\"Answer\",\"text\":\"Foulards, gilets, chapeaux, coussins et accessoires de style (exu00a0: kimono) enrichissent la su00e9ance photo et permettent de varier les poses.\"}}]}\n<\/script>\n<h3>\u00c0 quel moment organiser la s\u00e9ance photo grossesse pour un r\u00e9sultat optimal\u00a0?<\/h3>\n<p>La meilleure p\u00e9riode se situe entre la 28e et la 34e semaine de grossesse, lorsque la future maman b\u00e9n\u00e9ficie d\u2019un joli ventre arrondi tout en restant mobile.<\/p>\n<h3>Quelles couleurs et types de v\u00eatements sont conseill\u00e9s pour la s\u00e9ance\u00a0?<\/h3>\n<p>Les couleurs neutres (beige, cr\u00e8me, gris p\u00e2le), les robes en maille, coton ou jersey, et les hauts pr\u00e8s du corps sont id\u00e9als. \u00c9vitez motifs voyants, logos, v\u00eatements trop larges et noir int\u00e9gral.<\/p>\n<h3>Combien de tenues faut-il pr\u00e9voir pour une s\u00e9ance photo grossesse\u00a0?<\/h3>\n<p>Pr\u00e9parez id\u00e9alement deux \u00e0 trois tenues diff\u00e9rentes afin de varier les styles et les ambiances durant la s\u00e9ance.<\/p>\n<h3>Peut-on impliquer le futur papa ou les a\u00een\u00e9s dans la s\u00e9ance\u00a0?<\/h3>\n<p>Oui, c\u2019est possible et m\u00eame conseill\u00e9. Pr\u00e9voyez des v\u00eatements coordonn\u00e9s, sobres et sans motifs pour toute la famille afin de garantir une harmonie visuelle.<\/p>\n<h3>Quels accessoires apporter pour personnaliser la s\u00e9ance grossesse\u00a0?<\/h3>\n<p>Foulards, gilets, chapeaux, coussins et accessoires de style (ex\u00a0: kimono) enrichissent la s\u00e9ance photo et permettent de varier les poses.<\/p>\n\n","protected":false},"excerpt":{"rendered":"<p>En bref : Planification de la s\u00e9ance photo grossesse : quand r\u00e9server pour un r\u00e9sultat optimal D\u00e8s la 28e semaine de grossesse (soit le 7e mois), le ventre est suffisamment arrondi sans nuire au confort des mouvements. R\u00e9server la s\u00e9ance photo grossesse sur ce cr\u00e9neau optimise le r\u00e9sultat tout en limitant les d\u00e9sagr\u00e9ments li\u00e9s \u00e0 [&hellip;]<\/p>\n","protected":false},"author":1,"featured_media":507,"comment_status":"","ping_status":"","sticky":false,"template":"","format":"standard","meta":{"footnotes":""},"categories":[7],"tags":[],"class_list":["post-509","post","type-post","status-publish","format-standard","has-post-thumbnail","hentry","category-photographe"],"yoast_head":"<!-- This site is optimized with the Yoast SEO plugin v27.5 - https:\/\/yoast.com\/product\/yoast-seo-wordpress\/ -->\n<title>S\u00e9ance photo pendant la grossesse : quand la planifier et quelles tenues choisir ? - Blog Mondevis<\/title>\n<meta name=\"description\" content=\"D\u00e9couvrez quand planifier votre s\u00e9ance photo grossesse et quelles tenues choisir pour sublimer ces pr\u00e9cieux moments en toute s\u00e9r\u00e9nit\u00e9.\" \/>\n<meta name=\"robots\" content=\"index, follow, max-snippet:-1, max-image-preview:large, max-video-preview:-1\" \/>\n<link rel=\"canonical\" href=\"https:\/\/mondevis.com\/blog\/seance-photo-grossesse\/\" \/>\n<meta property=\"og:locale\" content=\"fr_FR\" \/>\n<meta property=\"og:type\" content=\"article\" \/>\n<meta property=\"og:title\" content=\"S\u00e9ance photo pendant la grossesse : quand la planifier et quelles tenues choisir ? - Blog Mondevis\" \/>\n<meta property=\"og:description\" content=\"D\u00e9couvrez quand planifier votre s\u00e9ance photo grossesse et quelles tenues choisir pour sublimer ces pr\u00e9cieux moments en toute s\u00e9r\u00e9nit\u00e9.\" \/>\n<meta property=\"og:url\" content=\"https:\/\/mondevis.com\/blog\/seance-photo-grossesse\/\" \/>\n<meta property=\"og:site_name\" content=\"Blog Mondevis\" \/>\n<meta property=\"article:published_time\" content=\"2025-12-15T06:35:09+00:00\" \/>\n<meta property=\"og:image\" content=\"https:\/\/mondevis.com\/blog\/wp-content\/uploads\/2025\/12\/Seance-photo-pendant-la-grossesse-quand-la-planifier-et-quelles-tenues-choisir-.jpg\" \/>\n\t<meta property=\"og:image:width\" content=\"1344\" \/>\n\t<meta property=\"og:image:height\" content=\"768\" \/>\n\t<meta property=\"og:image:type\" content=\"image\/jpeg\" \/>\n<meta name=\"author\" content=\"Dorian\" \/>\n<meta name=\"twitter:card\" content=\"summary_large_image\" \/>\n<meta name=\"twitter:label1\" content=\"\u00c9crit par\" \/>\n\t<meta name=\"twitter:data1\" content=\"Dorian\" \/>\n\t<meta name=\"twitter:label2\" content=\"Dur\u00e9e de lecture estim\u00e9e\" \/>\n\t<meta name=\"twitter:data2\" content=\"6 minutes\" \/>\n<script type=\"application\/ld+json\" class=\"yoast-schema-graph\">{\"@context\":\"https:\\\/\\\/schema.org\",\"@graph\":[{\"@type\":\"Article\",\"@id\":\"https:\\\/\\\/mondevis.com\\\/blog\\\/seance-photo-grossesse\\\/#article\",\"isPartOf\":{\"@id\":\"https:\\\/\\\/mondevis.com\\\/blog\\\/seance-photo-grossesse\\\/\"},\"author\":{\"name\":\"Dorian\",\"@id\":\"https:\\\/\\\/mondevis.com\\\/blog\\\/#\\\/schema\\\/person\\\/a6ebae99244a47b787d52db04b94f8f8\"},\"headline\":\"S\u00e9ance photo pendant la grossesse : quand la planifier et quelles tenues choisir ?\",\"datePublished\":\"2025-12-15T06:35:09+00:00\",\"mainEntityOfPage\":{\"@id\":\"https:\\\/\\\/mondevis.com\\\/blog\\\/seance-photo-grossesse\\\/\"},\"wordCount\":1172,\"image\":{\"@id\":\"https:\\\/\\\/mondevis.com\\\/blog\\\/seance-photo-grossesse\\\/#primaryimage\"},\"thumbnailUrl\":\"https:\\\/\\\/mondevis.com\\\/blog\\\/wp-content\\\/uploads\\\/2025\\\/12\\\/Seance-photo-pendant-la-grossesse-quand-la-planifier-et-quelles-tenues-choisir-.jpg\",\"articleSection\":[\"Photographe\"],\"inLanguage\":\"fr-FR\"},{\"@type\":\"WebPage\",\"@id\":\"https:\\\/\\\/mondevis.com\\\/blog\\\/seance-photo-grossesse\\\/\",\"url\":\"https:\\\/\\\/mondevis.com\\\/blog\\\/seance-photo-grossesse\\\/\",\"name\":\"S\u00e9ance photo pendant la grossesse : quand la planifier et quelles tenues choisir ? - Blog Mondevis\",\"isPartOf\":{\"@id\":\"https:\\\/\\\/mondevis.com\\\/blog\\\/#website\"},\"primaryImageOfPage\":{\"@id\":\"https:\\\/\\\/mondevis.com\\\/blog\\\/seance-photo-grossesse\\\/#primaryimage\"},\"image\":{\"@id\":\"https:\\\/\\\/mondevis.com\\\/blog\\\/seance-photo-grossesse\\\/#primaryimage\"},\"thumbnailUrl\":\"https:\\\/\\\/mondevis.com\\\/blog\\\/wp-content\\\/uploads\\\/2025\\\/12\\\/Seance-photo-pendant-la-grossesse-quand-la-planifier-et-quelles-tenues-choisir-.jpg\",\"datePublished\":\"2025-12-15T06:35:09+00:00\",\"author\":{\"@id\":\"https:\\\/\\\/mondevis.com\\\/blog\\\/#\\\/schema\\\/person\\\/a6ebae99244a47b787d52db04b94f8f8\"},\"description\":\"D\u00e9couvrez quand planifier votre s\u00e9ance photo grossesse et quelles tenues choisir pour sublimer ces pr\u00e9cieux moments en toute s\u00e9r\u00e9nit\u00e9.\",\"breadcrumb\":{\"@id\":\"https:\\\/\\\/mondevis.com\\\/blog\\\/seance-photo-grossesse\\\/#breadcrumb\"},\"inLanguage\":\"fr-FR\",\"potentialAction\":[{\"@type\":\"ReadAction\",\"target\":[\"https:\\\/\\\/mondevis.com\\\/blog\\\/seance-photo-grossesse\\\/\"]}]},{\"@type\":\"ImageObject\",\"inLanguage\":\"fr-FR\",\"@id\":\"https:\\\/\\\/mondevis.com\\\/blog\\\/seance-photo-grossesse\\\/#primaryimage\",\"url\":\"https:\\\/\\\/mondevis.com\\\/blog\\\/wp-content\\\/uploads\\\/2025\\\/12\\\/Seance-photo-pendant-la-grossesse-quand-la-planifier-et-quelles-tenues-choisir-.jpg\",\"contentUrl\":\"https:\\\/\\\/mondevis.com\\\/blog\\\/wp-content\\\/uploads\\\/2025\\\/12\\\/Seance-photo-pendant-la-grossesse-quand-la-planifier-et-quelles-tenues-choisir-.jpg\",\"width\":1344,\"height\":768,\"caption\":\"d\u00e9couvrez quand planifier votre s\u00e9ance photo grossesse et quelles tenues privil\u00e9gier pour capturer ces moments pr\u00e9cieux avec style et douceur.\"},{\"@type\":\"BreadcrumbList\",\"@id\":\"https:\\\/\\\/mondevis.com\\\/blog\\\/seance-photo-grossesse\\\/#breadcrumb\",\"itemListElement\":[{\"@type\":\"ListItem\",\"position\":1,\"name\":\"Accueil\",\"item\":\"https:\\\/\\\/mondevis.com\\\/blog\\\/\"},{\"@type\":\"ListItem\",\"position\":2,\"name\":\"S\u00e9ance photo pendant la grossesse : quand la planifier et quelles tenues choisir ?\"}]},{\"@type\":\"WebSite\",\"@id\":\"https:\\\/\\\/mondevis.com\\\/blog\\\/#website\",\"url\":\"https:\\\/\\\/mondevis.com\\\/blog\\\/\",\"name\":\"Blog Mondevis\",\"description\":\"\",\"potentialAction\":[{\"@type\":\"SearchAction\",\"target\":{\"@type\":\"EntryPoint\",\"urlTemplate\":\"https:\\\/\\\/mondevis.com\\\/blog\\\/?s={search_term_string}\"},\"query-input\":{\"@type\":\"PropertyValueSpecification\",\"valueRequired\":true,\"valueName\":\"search_term_string\"}}],\"inLanguage\":\"fr-FR\"},{\"@type\":\"Person\",\"@id\":\"https:\\\/\\\/mondevis.com\\\/blog\\\/#\\\/schema\\\/person\\\/a6ebae99244a47b787d52db04b94f8f8\",\"name\":\"Dorian\",\"image\":{\"@type\":\"ImageObject\",\"inLanguage\":\"fr-FR\",\"@id\":\"https:\\\/\\\/secure.gravatar.com\\\/avatar\\\/527e323e730b20c61af29436a56262bbb4a3e4ffb0660b4bf78d3ff690bf02c1?s=96&d=mm&r=g\",\"url\":\"https:\\\/\\\/secure.gravatar.com\\\/avatar\\\/527e323e730b20c61af29436a56262bbb4a3e4ffb0660b4bf78d3ff690bf02c1?s=96&d=mm&r=g\",\"contentUrl\":\"https:\\\/\\\/secure.gravatar.com\\\/avatar\\\/527e323e730b20c61af29436a56262bbb4a3e4ffb0660b4bf78d3ff690bf02c1?s=96&d=mm&r=g\",\"caption\":\"Dorian\"},\"sameAs\":[\"https:\\\/\\\/mondevis.com\\\/blog\"],\"url\":\"https:\\\/\\\/mondevis.com\\\/blog\\\/author\\\/scunadmin\\\/\"}]}<\/script>\n<!-- \/ Yoast SEO plugin. -->","yoast_head_json":{"title":"S\u00e9ance photo pendant la grossesse : quand la planifier et quelles tenues choisir ? - Blog Mondevis","description":"D\u00e9couvrez quand planifier votre s\u00e9ance photo grossesse et quelles tenues choisir pour sublimer ces pr\u00e9cieux moments en toute s\u00e9r\u00e9nit\u00e9.","robots":{"index":"index","follow":"follow","max-snippet":"max-snippet:-1","max-image-preview":"max-image-preview:large","max-video-preview":"max-video-preview:-1"},"canonical":"https:\/\/mondevis.com\/blog\/seance-photo-grossesse\/","og_locale":"fr_FR","og_type":"article","og_title":"S\u00e9ance photo pendant la grossesse : quand la planifier et quelles tenues choisir ? - Blog Mondevis","og_description":"D\u00e9couvrez quand planifier votre s\u00e9ance photo grossesse et quelles tenues choisir pour sublimer ces pr\u00e9cieux moments en toute s\u00e9r\u00e9nit\u00e9.","og_url":"https:\/\/mondevis.com\/blog\/seance-photo-grossesse\/","og_site_name":"Blog Mondevis","article_published_time":"2025-12-15T06:35:09+00:00","og_image":[{"width":1344,"height":768,"url":"https:\/\/mondevis.com\/blog\/wp-content\/uploads\/2025\/12\/Seance-photo-pendant-la-grossesse-quand-la-planifier-et-quelles-tenues-choisir-.jpg","type":"image\/jpeg"}],"author":"Dorian","twitter_card":"summary_large_image","twitter_misc":{"\u00c9crit par":"Dorian","Dur\u00e9e de lecture estim\u00e9e":"6 minutes"},"schema":{"@context":"https:\/\/schema.org","@graph":[{"@type":"Article","@id":"https:\/\/mondevis.com\/blog\/seance-photo-grossesse\/#article","isPartOf":{"@id":"https:\/\/mondevis.com\/blog\/seance-photo-grossesse\/"},"author":{"name":"Dorian","@id":"https:\/\/mondevis.com\/blog\/#\/schema\/person\/a6ebae99244a47b787d52db04b94f8f8"},"headline":"S\u00e9ance photo pendant la grossesse : quand la planifier et quelles tenues choisir ?","datePublished":"2025-12-15T06:35:09+00:00","mainEntityOfPage":{"@id":"https:\/\/mondevis.com\/blog\/seance-photo-grossesse\/"},"wordCount":1172,"image":{"@id":"https:\/\/mondevis.com\/blog\/seance-photo-grossesse\/#primaryimage"},"thumbnailUrl":"https:\/\/mondevis.com\/blog\/wp-content\/uploads\/2025\/12\/Seance-photo-pendant-la-grossesse-quand-la-planifier-et-quelles-tenues-choisir-.jpg","articleSection":["Photographe"],"inLanguage":"fr-FR"},{"@type":"WebPage","@id":"https:\/\/mondevis.com\/blog\/seance-photo-grossesse\/","url":"https:\/\/mondevis.com\/blog\/seance-photo-grossesse\/","name":"S\u00e9ance photo pendant la grossesse : quand la planifier et quelles tenues choisir ? - Blog Mondevis","isPartOf":{"@id":"https:\/\/mondevis.com\/blog\/#website"},"primaryImageOfPage":{"@id":"https:\/\/mondevis.com\/blog\/seance-photo-grossesse\/#primaryimage"},"image":{"@id":"https:\/\/mondevis.com\/blog\/seance-photo-grossesse\/#primaryimage"},"thumbnailUrl":"https:\/\/mondevis.com\/blog\/wp-content\/uploads\/2025\/12\/Seance-photo-pendant-la-grossesse-quand-la-planifier-et-quelles-tenues-choisir-.jpg","datePublished":"2025-12-15T06:35:09+00:00","author":{"@id":"https:\/\/mondevis.com\/blog\/#\/schema\/person\/a6ebae99244a47b787d52db04b94f8f8"},"description":"D\u00e9couvrez quand planifier votre s\u00e9ance photo grossesse et quelles tenues choisir pour sublimer ces pr\u00e9cieux moments en toute s\u00e9r\u00e9nit\u00e9.","breadcrumb":{"@id":"https:\/\/mondevis.com\/blog\/seance-photo-grossesse\/#breadcrumb"},"inLanguage":"fr-FR","potentialAction":[{"@type":"ReadAction","target":["https:\/\/mondevis.com\/blog\/seance-photo-grossesse\/"]}]},{"@type":"ImageObject","inLanguage":"fr-FR","@id":"https:\/\/mondevis.com\/blog\/seance-photo-grossesse\/#primaryimage","url":"https:\/\/mondevis.com\/blog\/wp-content\/uploads\/2025\/12\/Seance-photo-pendant-la-grossesse-quand-la-planifier-et-quelles-tenues-choisir-.jpg","contentUrl":"https:\/\/mondevis.com\/blog\/wp-content\/uploads\/2025\/12\/Seance-photo-pendant-la-grossesse-quand-la-planifier-et-quelles-tenues-choisir-.jpg","width":1344,"height":768,"caption":"d\u00e9couvrez quand planifier votre s\u00e9ance photo grossesse et quelles tenues privil\u00e9gier pour capturer ces moments pr\u00e9cieux avec style et douceur."},{"@type":"BreadcrumbList","@id":"https:\/\/mondevis.com\/blog\/seance-photo-grossesse\/#breadcrumb","itemListElement":[{"@type":"ListItem","position":1,"name":"Accueil","item":"https:\/\/mondevis.com\/blog\/"},{"@type":"ListItem","position":2,"name":"S\u00e9ance photo pendant la grossesse : quand la planifier et quelles tenues choisir ?"}]},{"@type":"WebSite","@id":"https:\/\/mondevis.com\/blog\/#website","url":"https:\/\/mondevis.com\/blog\/","name":"Blog Mondevis","description":"","potentialAction":[{"@type":"SearchAction","target":{"@type":"EntryPoint","urlTemplate":"https:\/\/mondevis.com\/blog\/?s={search_term_string}"},"query-input":{"@type":"PropertyValueSpecification","valueRequired":true,"valueName":"search_term_string"}}],"inLanguage":"fr-FR"},{"@type":"Person","@id":"https:\/\/mondevis.com\/blog\/#\/schema\/person\/a6ebae99244a47b787d52db04b94f8f8","name":"Dorian","image":{"@type":"ImageObject","inLanguage":"fr-FR","@id":"https:\/\/secure.gravatar.com\/avatar\/527e323e730b20c61af29436a56262bbb4a3e4ffb0660b4bf78d3ff690bf02c1?s=96&d=mm&r=g","url":"https:\/\/secure.gravatar.com\/avatar\/527e323e730b20c61af29436a56262bbb4a3e4ffb0660b4bf78d3ff690bf02c1?s=96&d=mm&r=g","contentUrl":"https:\/\/secure.gravatar.com\/avatar\/527e323e730b20c61af29436a56262bbb4a3e4ffb0660b4bf78d3ff690bf02c1?s=96&d=mm&r=g","caption":"Dorian"},"sameAs":["https:\/\/mondevis.com\/blog"],"url":"https:\/\/mondevis.com\/blog\/author\/scunadmin\/"}]}},"_links":{"self":[{"href":"https:\/\/mondevis.com\/blog\/wp-json\/wp\/v2\/posts\/509","targetHints":{"allow":["GET"]}}],"collection":[{"href":"https:\/\/mondevis.com\/blog\/wp-json\/wp\/v2\/posts"}],"about":[{"href":"https:\/\/mondevis.com\/blog\/wp-json\/wp\/v2\/types\/post"}],"author":[{"embeddable":true,"href":"https:\/\/mondevis.com\/blog\/wp-json\/wp\/v2\/users\/1"}],"replies":[{"embeddable":true,"href":"https:\/\/mondevis.com\/blog\/wp-json\/wp\/v2\/comments?post=509"}],"version-history":[{"count":0,"href":"https:\/\/mondevis.com\/blog\/wp-json\/wp\/v2\/posts\/509\/revisions"}],"wp:featuredmedia":[{"embeddable":true,"href":"https:\/\/mondevis.com\/blog\/wp-json\/wp\/v2\/media\/507"}],"wp:attachment":[{"href":"https:\/\/mondevis.com\/blog\/wp-json\/wp\/v2\/media?parent=509"}],"wp:term":[{"taxonomy":"category","embeddable":true,"href":"https:\/\/mondevis.com\/blog\/wp-json\/wp\/v2\/categories?post=509"},{"taxonomy":"post_tag","embeddable":true,"href":"https:\/\/mondevis.com\/blog\/wp-json\/wp\/v2\/tags?post=509"}],"curies":[{"name":"wp","href":"https:\/\/api.w.org\/{rel}","templated":true}]}}