{"id":452,"date":"2025-10-15T11:32:43","date_gmt":"2025-10-15T09:32:43","guid":{"rendered":"https:\/\/mondevis.com\/blog\/choisir-photographe-entreprise\/"},"modified":"2025-10-15T11:32:43","modified_gmt":"2025-10-15T09:32:43","slug":"choisir-photographe-entreprise","status":"publish","type":"post","link":"https:\/\/mondevis.com\/blog\/choisir-photographe-entreprise\/","title":{"rendered":"\u00c9v\u00e9nement d'entreprise : choisir son photographe professionnel"},"content":{"rendered":"<p><strong>R\u00e9server un photographe professionnel pour un \u00e9v\u00e9nement d'entreprise repr\u00e9sente un investissement compris entre 350 \u20ac et 1 900 \u20ac pour une plage de 4 \u00e0 10 heures, incluant le tri, la retouche des images et leur livraison num\u00e9rique.<\/strong> \u00c0 Paris, une couverture compl\u00e8te par un studio r\u00e9put\u00e9 comme Studio Cabrelli ou Paris Corporate Photography garantit des visuels adapt\u00e9s \u00e0 la communication de marque et au digital interne. La cl\u00e9 r\u00e9side dans le choix du style, la clart\u00e9 du brief, et la contractualisation des droits d\u2019utilisation. D\u00e9couvrez l\u2019approche efficace pour collaborer avec un expert comme Shoootin, ArtPhotoLab ou Les Photographes du Marais et valoriser chaque temps fort de votre \u00e9v\u00e9nement corporate.<\/p>\n\n<h2 class=\"wp-block-heading\">Crit\u00e8res essentiels pour s\u00e9lectionner un photographe professionnel d'\u00e9v\u00e9nement d'entreprise<\/h2>\n\n<p><strong>Les besoins sp\u00e9cifiques d\u2019une entreprise doivent orienter la recherche :<\/strong> une conf\u00e9rence se concentre sur la qualit\u00e9 des prises de parole alors qu\u2019un s\u00e9minaire exige la restitution de l\u2019atmosph\u00e8re collective. D\u00e9finir d\u2019abord le rendu attendu permet de cibler un professionnel, tel que Studio Bain de Lumi\u00e8re ou Photographe Entreprise Lyon, dont le portfolio d\u00e9montre la ma\u00eetrise du reportage, du portrait institutionnel ou du style \u00e9ditorial.<\/p>\n\n<figure class=\"wp-block-image size-full\"><img loading=\"lazy\" decoding=\"async\" width=\"1344\" height=\"768\" src=\"https:\/\/mondevis.com\/blog\/wp-content\/uploads\/2025\/10\/Evenement-dentreprise-choisir-son-photographe-professionnel-1.jpg\" alt=\"d\u00e9couvrez comment s\u00e9lectionner le photographe professionnel id\u00e9al pour r\u00e9ussir la couverture de votre \u00e9v\u00e9nement d&#039;entreprise et valoriser vos moments forts en images de qualit\u00e9.\" class=\"wp-image-450\" srcset=\"https:\/\/mondevis.com\/blog\/wp-content\/uploads\/2025\/10\/Evenement-dentreprise-choisir-son-photographe-professionnel-1.jpg 1344w, https:\/\/mondevis.com\/blog\/wp-content\/uploads\/2025\/10\/Evenement-dentreprise-choisir-son-photographe-professionnel-1-300x171.jpg 300w, https:\/\/mondevis.com\/blog\/wp-content\/uploads\/2025\/10\/Evenement-dentreprise-choisir-son-photographe-professionnel-1-1024x585.jpg 1024w, https:\/\/mondevis.com\/blog\/wp-content\/uploads\/2025\/10\/Evenement-dentreprise-choisir-son-photographe-professionnel-1-768x439.jpg 768w\" sizes=\"auto, (max-width: 1344px) 100vw, 1344px\" \/><\/figure>\n\n<p>L\u2019analyse de portfolios, accessible sur <a href=\"https:\/\/mondevis.com\/blog\/evaluer-portfolio-photographe\/\" rel=\"dofollow\">cette ressource d\u00e9taill\u00e9e<\/a>, se base sur quatre axes\u00a0: coh\u00e9rence du style, gestion de la lumi\u00e8re complexe, capacit\u00e9 \u00e0 raconter un moment fort et diversit\u00e9 des situations couvertes. Par exemple, un shooting par Studio Mir documentant le cocktail de lancement d\u2019une start-up illustre le savoir-faire pointu en mati\u00e8re de photos \u00ab\u00a0networking\u00a0\u00bb. Les clients doivent aussi v\u00e9rifier la rapidit\u00e9 de livraison : la plupart des photographes livrent sous 3 \u00e0 15 jours, selon la charge et la prestation choisie.<\/p>\n\n<h3 class=\"wp-block-heading\">Contrat, logistique et tarifs d\u2019un photographe entreprise en 2025<\/h3>\n\n<p><strong>Un contrat \u00e9crit d\u00e9taille : horaires, prestations inclues, tarifs, d\u00e9lais de rendu, cession des droits d\u2019image.<\/strong> Attention \u00e0 la diversit\u00e9 des options tarifaires\u00a0: forfaits demi-journ\u00e9e, option second photographe, impression imm\u00e9diate (photobooth par Le Photographe des Pros), et d\u00e9placements en dehors de Paris ou Lyon sont g\u00e9n\u00e9ralement factur\u00e9s en sus. Pour une estimation budg\u00e9taire pr\u00e9cise et des conseils adapt\u00e9s par secteur, consultez \u00e9galement <a href=\"https:\/\/mondevis.com\/blog\/photo-corporate-image-entreprise\/\" rel=\"dofollow\">ce guide sp\u00e9cialis\u00e9<\/a> ainsi que <a href=\"https:\/\/mondevis.com\/blog\/portfolio-photo-personnel\/\" rel=\"dofollow\">l\u2019analyse personnalis\u00e9e du portfolio professionnel<\/a>.<\/p>\n\n<p>En pratique, l\u2019entreprise fICTive LumaTech a confi\u00e9 son s\u00e9minaire \u00e0 Paris \u00e0 Paris Corporate Photography pour 1 250 \u20ac (8 h de pr\u00e9sence, retouche et galerie priv\u00e9e), avec l\u2019ajout d\u2019un photobooth personnalis\u00e9 pour 420 \u20ac. Les droits d\u2019utilisation interne et externe ont \u00e9t\u00e9 pr\u00e9vus contractuellement, permettant la r\u00e9utilisation des clich\u00e9s pour la communication 2025.<\/p>\n\n<h2 class=\"wp-block-heading\">Parcours utilisateur\u00a0: donner la priorit\u00e9 aux moments cl\u00e9s et \u00e0 la collaboration le jour J<\/h2>\n\n<p><strong>La pr\u00e9paration en amont influence directement la qualit\u00e9 du reportage.<\/strong> Le brief transmis au photographe (accueil, interventions, \u00e9changes, espaces produits) l\u2019aide \u00e0 anticiper les temps forts et \u00e0 se positionner sans perturber le d\u00e9roulement. Pour exemple, Studio Cabrelli exploite souvent un planning pr\u00e9cis, solution \u00e9prouv\u00e9e aupr\u00e8s des grands comptes pour \u00e9viter les oublis et acc\u00e9l\u00e9rer la r\u00e9activit\u00e9 sur site.<\/p>\n\n<figure class=\"wp-block-image size-full\"><img loading=\"lazy\" decoding=\"async\" width=\"1344\" height=\"768\" src=\"https:\/\/mondevis.com\/blog\/wp-content\/uploads\/2025\/10\/Evenement-dentreprise-choisir-son-photographe-professionnel-2.jpg\" alt=\"d\u00e9couvrez comment s\u00e9lectionner le photographe professionnel id\u00e9al pour r\u00e9ussir votre \u00e9v\u00e9nement d&#039;entreprise. conseils, crit\u00e8res de choix et astuces pour des photos m\u00e9morables.\" class=\"wp-image-451\" srcset=\"https:\/\/mondevis.com\/blog\/wp-content\/uploads\/2025\/10\/Evenement-dentreprise-choisir-son-photographe-professionnel-2.jpg 1344w, https:\/\/mondevis.com\/blog\/wp-content\/uploads\/2025\/10\/Evenement-dentreprise-choisir-son-photographe-professionnel-2-300x171.jpg 300w, https:\/\/mondevis.com\/blog\/wp-content\/uploads\/2025\/10\/Evenement-dentreprise-choisir-son-photographe-professionnel-2-1024x585.jpg 1024w, https:\/\/mondevis.com\/blog\/wp-content\/uploads\/2025\/10\/Evenement-dentreprise-choisir-son-photographe-professionnel-2-768x439.jpg 768w\" sizes=\"auto, (max-width: 1344px) 100vw, 1344px\" \/><\/figure>\n\n<p>La communication fluide entre l\u2019\u00e9quipe interne, l\u2019organisateur et le photographe garantit le respect du timing. Il est conseill\u00e9 d\u2019indiquer explicitement les \u00e9tapes incontournables et les \u00e9ventuelles exigences (portraits de dirigeants, espace presse). Inspirez-vous des recommandations de <a href=\"https:\/\/mondevis.com\/blog\/photos-mariage-idees-creatives\/\" rel=\"dofollow\">ce comparatif cr\u00e9atif<\/a> ou des conseils techniques sur <a href=\"https:\/\/mondevis.com\/blog\/drone-mariage-reglementation-tarifs\/\" rel=\"dofollow\">l\u2019usage du drone en photo \u00e9v\u00e9nementielle professionnelle<\/a>.<\/p>\n\n<p>En fixant les priorit\u00e9s, en laissant une marge de libert\u00e9 au photographe, et en soignant les conditions d\u2019acc\u00e8s \u00e0 l\u2019espace (badge, contact r\u00e9f\u00e9rent), l\u2019\u00e9v\u00e9nement b\u00e9n\u00e9ficie d\u2019un rendu optimal. Ce mode op\u00e9ratoire vaut pour tout type de mission, des s\u00e9minaires d\u2019\u00e9quipe aux lancements de produit multi-sites.<\/p>\n\n<p>Les professionnels, comme ArtPhotoLab ou Shoootin, insistent \u00e9galement sur l'importance d\u2019avoir syst\u00e9matiquement une assurance responsabilit\u00e9 civile et une double sauvegarde de chaque s\u00e9rie d\u2019images. Cette exigence prot\u00e8ge la soci\u00e9t\u00e9 contre les impr\u00e9vus (panne, incident technique) tout en garantissant la livraison int\u00e9grale des fichiers sous 7 \u00e0 15 jours ouvr\u00e9s dans 85\u00a0% des cas (source\u00a0: donn\u00e9es internes prestataires 2024\/2025).<\/p>\n\n","protected":false},"excerpt":{"rendered":"<p>R\u00e9server un photographe professionnel pour un \u00e9v\u00e9nement d'entreprise repr\u00e9sente un investissement compris entre 350 \u20ac et 1 900 \u20ac pour une plage de 4 \u00e0 10 heures, incluant le tri, la retouche des images et leur livraison num\u00e9rique. \u00c0 Paris, une couverture compl\u00e8te par un studio r\u00e9put\u00e9 comme Studio Cabrelli ou Paris Corporate Photography garantit [&hellip;]<\/p>\n","protected":false},"author":1,"featured_media":449,"comment_status":"","ping_status":"open","sticky":false,"template":"","format":"standard","meta":{"footnotes":""},"categories":[7],"tags":[],"class_list":["post-452","post","type-post","status-publish","format-standard","has-post-thumbnail","hentry","category-photographe"],"yoast_head":"<!-- This site is optimized with the Yoast SEO plugin v27.5 - https:\/\/yoast.com\/product\/yoast-seo-wordpress\/ -->\n<title>\u00c9v\u00e9nement d&#039;entreprise : choisir son photographe professionnel - Blog Mondevis<\/title>\n<meta name=\"description\" content=\"Trouvez le photographe id\u00e9al pour votre \u00e9v\u00e9nement d&#039;entreprise : conseils pour s\u00e9lectionner un professionnel et garantir des photos de qualit\u00e9.\" \/>\n<meta name=\"robots\" content=\"index, follow, max-snippet:-1, max-image-preview:large, max-video-preview:-1\" \/>\n<link rel=\"canonical\" href=\"https:\/\/mondevis.com\/blog\/choisir-photographe-entreprise\/\" \/>\n<meta property=\"og:locale\" content=\"fr_FR\" \/>\n<meta property=\"og:type\" content=\"article\" \/>\n<meta property=\"og:title\" content=\"\u00c9v\u00e9nement d&#039;entreprise : choisir son photographe professionnel - Blog Mondevis\" \/>\n<meta property=\"og:description\" content=\"Trouvez le photographe id\u00e9al pour votre \u00e9v\u00e9nement d&#039;entreprise : conseils pour s\u00e9lectionner un professionnel et garantir des photos de qualit\u00e9.\" \/>\n<meta property=\"og:url\" content=\"https:\/\/mondevis.com\/blog\/choisir-photographe-entreprise\/\" \/>\n<meta property=\"og:site_name\" content=\"Blog Mondevis\" \/>\n<meta property=\"article:published_time\" content=\"2025-10-15T09:32:43+00:00\" \/>\n<meta property=\"og:image\" content=\"https:\/\/mondevis.com\/blog\/wp-content\/uploads\/2025\/10\/Evenement-dentreprise-choisir-son-photographe-professionnel.jpg\" \/>\n\t<meta property=\"og:image:width\" content=\"1344\" \/>\n\t<meta property=\"og:image:height\" content=\"768\" \/>\n\t<meta property=\"og:image:type\" content=\"image\/jpeg\" \/>\n<meta name=\"author\" content=\"Dorian\" \/>\n<meta name=\"twitter:card\" content=\"summary_large_image\" \/>\n<meta name=\"twitter:label1\" content=\"\u00c9crit par\" \/>\n\t<meta name=\"twitter:data1\" content=\"Dorian\" \/>\n\t<meta name=\"twitter:label2\" content=\"Dur\u00e9e de lecture estim\u00e9e\" \/>\n\t<meta name=\"twitter:data2\" content=\"3 minutes\" \/>\n<script type=\"application\/ld+json\" class=\"yoast-schema-graph\">{\"@context\":\"https:\\\/\\\/schema.org\",\"@graph\":[{\"@type\":\"Article\",\"@id\":\"https:\\\/\\\/mondevis.com\\\/blog\\\/choisir-photographe-entreprise\\\/#article\",\"isPartOf\":{\"@id\":\"https:\\\/\\\/mondevis.com\\\/blog\\\/choisir-photographe-entreprise\\\/\"},\"author\":{\"name\":\"Dorian\",\"@id\":\"https:\\\/\\\/mondevis.com\\\/blog\\\/#\\\/schema\\\/person\\\/a6ebae99244a47b787d52db04b94f8f8\"},\"headline\":\"\u00c9v\u00e9nement d'entreprise : choisir son photographe professionnel\",\"datePublished\":\"2025-10-15T09:32:43+00:00\",\"mainEntityOfPage\":{\"@id\":\"https:\\\/\\\/mondevis.com\\\/blog\\\/choisir-photographe-entreprise\\\/\"},\"wordCount\":705,\"image\":{\"@id\":\"https:\\\/\\\/mondevis.com\\\/blog\\\/choisir-photographe-entreprise\\\/#primaryimage\"},\"thumbnailUrl\":\"https:\\\/\\\/mondevis.com\\\/blog\\\/wp-content\\\/uploads\\\/2025\\\/10\\\/Evenement-dentreprise-choisir-son-photographe-professionnel.jpg\",\"articleSection\":[\"Photographe\"],\"inLanguage\":\"fr-FR\"},{\"@type\":\"WebPage\",\"@id\":\"https:\\\/\\\/mondevis.com\\\/blog\\\/choisir-photographe-entreprise\\\/\",\"url\":\"https:\\\/\\\/mondevis.com\\\/blog\\\/choisir-photographe-entreprise\\\/\",\"name\":\"\u00c9v\u00e9nement d'entreprise : choisir son photographe professionnel - Blog Mondevis\",\"isPartOf\":{\"@id\":\"https:\\\/\\\/mondevis.com\\\/blog\\\/#website\"},\"primaryImageOfPage\":{\"@id\":\"https:\\\/\\\/mondevis.com\\\/blog\\\/choisir-photographe-entreprise\\\/#primaryimage\"},\"image\":{\"@id\":\"https:\\\/\\\/mondevis.com\\\/blog\\\/choisir-photographe-entreprise\\\/#primaryimage\"},\"thumbnailUrl\":\"https:\\\/\\\/mondevis.com\\\/blog\\\/wp-content\\\/uploads\\\/2025\\\/10\\\/Evenement-dentreprise-choisir-son-photographe-professionnel.jpg\",\"datePublished\":\"2025-10-15T09:32:43+00:00\",\"author\":{\"@id\":\"https:\\\/\\\/mondevis.com\\\/blog\\\/#\\\/schema\\\/person\\\/a6ebae99244a47b787d52db04b94f8f8\"},\"description\":\"Trouvez le photographe id\u00e9al pour votre \u00e9v\u00e9nement d'entreprise : conseils pour s\u00e9lectionner un professionnel et garantir des photos de qualit\u00e9.\",\"breadcrumb\":{\"@id\":\"https:\\\/\\\/mondevis.com\\\/blog\\\/choisir-photographe-entreprise\\\/#breadcrumb\"},\"inLanguage\":\"fr-FR\",\"potentialAction\":[{\"@type\":\"ReadAction\",\"target\":[\"https:\\\/\\\/mondevis.com\\\/blog\\\/choisir-photographe-entreprise\\\/\"]}]},{\"@type\":\"ImageObject\",\"inLanguage\":\"fr-FR\",\"@id\":\"https:\\\/\\\/mondevis.com\\\/blog\\\/choisir-photographe-entreprise\\\/#primaryimage\",\"url\":\"https:\\\/\\\/mondevis.com\\\/blog\\\/wp-content\\\/uploads\\\/2025\\\/10\\\/Evenement-dentreprise-choisir-son-photographe-professionnel.jpg\",\"contentUrl\":\"https:\\\/\\\/mondevis.com\\\/blog\\\/wp-content\\\/uploads\\\/2025\\\/10\\\/Evenement-dentreprise-choisir-son-photographe-professionnel.jpg\",\"width\":1344,\"height\":768,\"caption\":\"d\u00e9couvrez comment s\u00e9lectionner le photographe professionnel id\u00e9al pour couvrir votre \u00e9v\u00e9nement d'entreprise et garantir des souvenirs de qualit\u00e9. astuces, conseils et crit\u00e8res essentiels \u00e0 conna\u00eetre avant de faire votre choix.\"},{\"@type\":\"BreadcrumbList\",\"@id\":\"https:\\\/\\\/mondevis.com\\\/blog\\\/choisir-photographe-entreprise\\\/#breadcrumb\",\"itemListElement\":[{\"@type\":\"ListItem\",\"position\":1,\"name\":\"Accueil\",\"item\":\"https:\\\/\\\/mondevis.com\\\/blog\\\/\"},{\"@type\":\"ListItem\",\"position\":2,\"name\":\"\u00c9v\u00e9nement d'entreprise : choisir son photographe professionnel\"}]},{\"@type\":\"WebSite\",\"@id\":\"https:\\\/\\\/mondevis.com\\\/blog\\\/#website\",\"url\":\"https:\\\/\\\/mondevis.com\\\/blog\\\/\",\"name\":\"Blog Mondevis\",\"description\":\"\",\"potentialAction\":[{\"@type\":\"SearchAction\",\"target\":{\"@type\":\"EntryPoint\",\"urlTemplate\":\"https:\\\/\\\/mondevis.com\\\/blog\\\/?s={search_term_string}\"},\"query-input\":{\"@type\":\"PropertyValueSpecification\",\"valueRequired\":true,\"valueName\":\"search_term_string\"}}],\"inLanguage\":\"fr-FR\"},{\"@type\":\"Person\",\"@id\":\"https:\\\/\\\/mondevis.com\\\/blog\\\/#\\\/schema\\\/person\\\/a6ebae99244a47b787d52db04b94f8f8\",\"name\":\"Dorian\",\"image\":{\"@type\":\"ImageObject\",\"inLanguage\":\"fr-FR\",\"@id\":\"https:\\\/\\\/secure.gravatar.com\\\/avatar\\\/527e323e730b20c61af29436a56262bbb4a3e4ffb0660b4bf78d3ff690bf02c1?s=96&d=mm&r=g\",\"url\":\"https:\\\/\\\/secure.gravatar.com\\\/avatar\\\/527e323e730b20c61af29436a56262bbb4a3e4ffb0660b4bf78d3ff690bf02c1?s=96&d=mm&r=g\",\"contentUrl\":\"https:\\\/\\\/secure.gravatar.com\\\/avatar\\\/527e323e730b20c61af29436a56262bbb4a3e4ffb0660b4bf78d3ff690bf02c1?s=96&d=mm&r=g\",\"caption\":\"Dorian\"},\"sameAs\":[\"https:\\\/\\\/mondevis.com\\\/blog\"],\"url\":\"https:\\\/\\\/mondevis.com\\\/blog\\\/author\\\/scunadmin\\\/\"}]}<\/script>\n<!-- \/ Yoast SEO plugin. -->","yoast_head_json":{"title":"\u00c9v\u00e9nement d'entreprise : choisir son photographe professionnel - Blog Mondevis","description":"Trouvez le photographe id\u00e9al pour votre \u00e9v\u00e9nement d'entreprise : conseils pour s\u00e9lectionner un professionnel et garantir des photos de qualit\u00e9.","robots":{"index":"index","follow":"follow","max-snippet":"max-snippet:-1","max-image-preview":"max-image-preview:large","max-video-preview":"max-video-preview:-1"},"canonical":"https:\/\/mondevis.com\/blog\/choisir-photographe-entreprise\/","og_locale":"fr_FR","og_type":"article","og_title":"\u00c9v\u00e9nement d'entreprise : choisir son photographe professionnel - Blog Mondevis","og_description":"Trouvez le photographe id\u00e9al pour votre \u00e9v\u00e9nement d'entreprise : conseils pour s\u00e9lectionner un professionnel et garantir des photos de qualit\u00e9.","og_url":"https:\/\/mondevis.com\/blog\/choisir-photographe-entreprise\/","og_site_name":"Blog Mondevis","article_published_time":"2025-10-15T09:32:43+00:00","og_image":[{"width":1344,"height":768,"url":"https:\/\/mondevis.com\/blog\/wp-content\/uploads\/2025\/10\/Evenement-dentreprise-choisir-son-photographe-professionnel.jpg","type":"image\/jpeg"}],"author":"Dorian","twitter_card":"summary_large_image","twitter_misc":{"\u00c9crit par":"Dorian","Dur\u00e9e de lecture estim\u00e9e":"3 minutes"},"schema":{"@context":"https:\/\/schema.org","@graph":[{"@type":"Article","@id":"https:\/\/mondevis.com\/blog\/choisir-photographe-entreprise\/#article","isPartOf":{"@id":"https:\/\/mondevis.com\/blog\/choisir-photographe-entreprise\/"},"author":{"name":"Dorian","@id":"https:\/\/mondevis.com\/blog\/#\/schema\/person\/a6ebae99244a47b787d52db04b94f8f8"},"headline":"\u00c9v\u00e9nement d'entreprise : choisir son photographe professionnel","datePublished":"2025-10-15T09:32:43+00:00","mainEntityOfPage":{"@id":"https:\/\/mondevis.com\/blog\/choisir-photographe-entreprise\/"},"wordCount":705,"image":{"@id":"https:\/\/mondevis.com\/blog\/choisir-photographe-entreprise\/#primaryimage"},"thumbnailUrl":"https:\/\/mondevis.com\/blog\/wp-content\/uploads\/2025\/10\/Evenement-dentreprise-choisir-son-photographe-professionnel.jpg","articleSection":["Photographe"],"inLanguage":"fr-FR"},{"@type":"WebPage","@id":"https:\/\/mondevis.com\/blog\/choisir-photographe-entreprise\/","url":"https:\/\/mondevis.com\/blog\/choisir-photographe-entreprise\/","name":"\u00c9v\u00e9nement d'entreprise : choisir son photographe professionnel - Blog Mondevis","isPartOf":{"@id":"https:\/\/mondevis.com\/blog\/#website"},"primaryImageOfPage":{"@id":"https:\/\/mondevis.com\/blog\/choisir-photographe-entreprise\/#primaryimage"},"image":{"@id":"https:\/\/mondevis.com\/blog\/choisir-photographe-entreprise\/#primaryimage"},"thumbnailUrl":"https:\/\/mondevis.com\/blog\/wp-content\/uploads\/2025\/10\/Evenement-dentreprise-choisir-son-photographe-professionnel.jpg","datePublished":"2025-10-15T09:32:43+00:00","author":{"@id":"https:\/\/mondevis.com\/blog\/#\/schema\/person\/a6ebae99244a47b787d52db04b94f8f8"},"description":"Trouvez le photographe id\u00e9al pour votre \u00e9v\u00e9nement d'entreprise : conseils pour s\u00e9lectionner un professionnel et garantir des photos de qualit\u00e9.","breadcrumb":{"@id":"https:\/\/mondevis.com\/blog\/choisir-photographe-entreprise\/#breadcrumb"},"inLanguage":"fr-FR","potentialAction":[{"@type":"ReadAction","target":["https:\/\/mondevis.com\/blog\/choisir-photographe-entreprise\/"]}]},{"@type":"ImageObject","inLanguage":"fr-FR","@id":"https:\/\/mondevis.com\/blog\/choisir-photographe-entreprise\/#primaryimage","url":"https:\/\/mondevis.com\/blog\/wp-content\/uploads\/2025\/10\/Evenement-dentreprise-choisir-son-photographe-professionnel.jpg","contentUrl":"https:\/\/mondevis.com\/blog\/wp-content\/uploads\/2025\/10\/Evenement-dentreprise-choisir-son-photographe-professionnel.jpg","width":1344,"height":768,"caption":"d\u00e9couvrez comment s\u00e9lectionner le photographe professionnel id\u00e9al pour couvrir votre \u00e9v\u00e9nement d'entreprise et garantir des souvenirs de qualit\u00e9. astuces, conseils et crit\u00e8res essentiels \u00e0 conna\u00eetre avant de faire votre choix."},{"@type":"BreadcrumbList","@id":"https:\/\/mondevis.com\/blog\/choisir-photographe-entreprise\/#breadcrumb","itemListElement":[{"@type":"ListItem","position":1,"name":"Accueil","item":"https:\/\/mondevis.com\/blog\/"},{"@type":"ListItem","position":2,"name":"\u00c9v\u00e9nement d'entreprise : choisir son photographe professionnel"}]},{"@type":"WebSite","@id":"https:\/\/mondevis.com\/blog\/#website","url":"https:\/\/mondevis.com\/blog\/","name":"Blog Mondevis","description":"","potentialAction":[{"@type":"SearchAction","target":{"@type":"EntryPoint","urlTemplate":"https:\/\/mondevis.com\/blog\/?s={search_term_string}"},"query-input":{"@type":"PropertyValueSpecification","valueRequired":true,"valueName":"search_term_string"}}],"inLanguage":"fr-FR"},{"@type":"Person","@id":"https:\/\/mondevis.com\/blog\/#\/schema\/person\/a6ebae99244a47b787d52db04b94f8f8","name":"Dorian","image":{"@type":"ImageObject","inLanguage":"fr-FR","@id":"https:\/\/secure.gravatar.com\/avatar\/527e323e730b20c61af29436a56262bbb4a3e4ffb0660b4bf78d3ff690bf02c1?s=96&d=mm&r=g","url":"https:\/\/secure.gravatar.com\/avatar\/527e323e730b20c61af29436a56262bbb4a3e4ffb0660b4bf78d3ff690bf02c1?s=96&d=mm&r=g","contentUrl":"https:\/\/secure.gravatar.com\/avatar\/527e323e730b20c61af29436a56262bbb4a3e4ffb0660b4bf78d3ff690bf02c1?s=96&d=mm&r=g","caption":"Dorian"},"sameAs":["https:\/\/mondevis.com\/blog"],"url":"https:\/\/mondevis.com\/blog\/author\/scunadmin\/"}]}},"_links":{"self":[{"href":"https:\/\/mondevis.com\/blog\/wp-json\/wp\/v2\/posts\/452","targetHints":{"allow":["GET"]}}],"collection":[{"href":"https:\/\/mondevis.com\/blog\/wp-json\/wp\/v2\/posts"}],"about":[{"href":"https:\/\/mondevis.com\/blog\/wp-json\/wp\/v2\/types\/post"}],"author":[{"embeddable":true,"href":"https:\/\/mondevis.com\/blog\/wp-json\/wp\/v2\/users\/1"}],"replies":[{"embeddable":true,"href":"https:\/\/mondevis.com\/blog\/wp-json\/wp\/v2\/comments?post=452"}],"version-history":[{"count":0,"href":"https:\/\/mondevis.com\/blog\/wp-json\/wp\/v2\/posts\/452\/revisions"}],"wp:featuredmedia":[{"embeddable":true,"href":"https:\/\/mondevis.com\/blog\/wp-json\/wp\/v2\/media\/449"}],"wp:attachment":[{"href":"https:\/\/mondevis.com\/blog\/wp-json\/wp\/v2\/media?parent=452"}],"wp:term":[{"taxonomy":"category","embeddable":true,"href":"https:\/\/mondevis.com\/blog\/wp-json\/wp\/v2\/categories?post=452"},{"taxonomy":"post_tag","embeddable":true,"href":"https:\/\/mondevis.com\/blog\/wp-json\/wp\/v2\/tags?post=452"}],"curies":[{"name":"wp","href":"https:\/\/api.w.org\/{rel}","templated":true}]}}