{"id":448,"date":"2025-10-13T11:31:50","date_gmt":"2025-10-13T09:31:50","guid":{"rendered":"https:\/\/mondevis.com\/blog\/droit-image-photographe\/"},"modified":"2025-10-13T11:31:50","modified_gmt":"2025-10-13T09:31:50","slug":"droit-image-photographe","status":"publish","type":"post","link":"https:\/\/mondevis.com\/blog\/droit-image-photographe\/","title":{"rendered":"Droit \u00e0 l'image : ce que tout photographe doit savoir"},"content":{"rendered":"<p><strong>Le droit \u00e0 l\u2019image interdit toute publication ou diffusion d\u2019une photo d\u2019une personne sans son consentement \u00e9crit, m\u00eame dans l\u2019espace public.<\/strong> En France, pr\u00e8s de 40 % des utilisateurs ont d\u00e9j\u00e0 vu leur image partag\u00e9e sur les r\u00e9seaux sociaux sans autorisation selon une \u00e9tude de 2025 (source\u00a0: Service-public.fr). La protection juridique de l\u2019individu pr\u00e9vaut sur les droits du photographe dans la plupart des cas, y compris pour des clich\u00e9s de rue ou lors d\u2019\u00e9v\u00e9nements professionnels. D\u00e9couvrez les r\u00e8gles concr\u00e8tes \u00e0 respecter, les exceptions l\u00e9gales, et les bonnes pratiques pour chaque mod\u00e8le, particulier ou entreprise.<\/p>\n\n<h2 class=\"wp-block-heading\"><strong>Comprendre le droit \u00e0 l\u2019image et ses implications pour les photographes<\/strong><\/h2>\n\n<p>Tout photographe, amateur ou professionnel, doit s\u2019assurer d\u2019obtenir le consentement explicite de chaque personne identifiable sur une photo avant toute publication. <strong>Le consentement<\/strong> doit d\u00e9tailler le contexte, les usages autoris\u00e9s (par exemple\u00a0: site Web, r\u00e9seaux sociaux, supports print), et la dur\u00e9e d\u2019exploitation. Cette exigence s\u2019applique m\u00eame si la prise de vue a lieu \u00e0 l\u2019ext\u00e9rieur ou lors d\u2019un \u00e9v\u00e9nement public \u2013 il existe toutefois des exemptions\u00a0: actualit\u00e9, droit \u00e0 l\u2019information ou personnages publics dans l\u2019exercice de leur fonction. Une <strong>autorisation<\/strong> \u00e9crite prot\u00e8ge le photographe en cas de litige et limite consid\u00e9rablement les risques juridiques li\u00e9s \u00e0 la diffusion sans accord.<\/p>\n\n<figure class=\"wp-block-image size-full\"><img loading=\"lazy\" decoding=\"async\" width=\"1344\" height=\"768\" src=\"https:\/\/mondevis.com\/blog\/wp-content\/uploads\/2025\/10\/Droit-a-limage-ce-que-tout-photographe-doit-savoir-1.jpg\" alt=\"d\u00e9couvrez les r\u00e8gles essentielles du droit \u00e0 l&#039;image que chaque photographe doit conna\u00eetre pour prot\u00e9ger ses cr\u00e9ations et respecter la vie priv\u00e9e des personnes photographi\u00e9es. guide pratique et conseils juridiques.\" class=\"wp-image-446\" srcset=\"https:\/\/mondevis.com\/blog\/wp-content\/uploads\/2025\/10\/Droit-a-limage-ce-que-tout-photographe-doit-savoir-1.jpg 1344w, https:\/\/mondevis.com\/blog\/wp-content\/uploads\/2025\/10\/Droit-a-limage-ce-que-tout-photographe-doit-savoir-1-300x171.jpg 300w, https:\/\/mondevis.com\/blog\/wp-content\/uploads\/2025\/10\/Droit-a-limage-ce-que-tout-photographe-doit-savoir-1-1024x585.jpg 1024w, https:\/\/mondevis.com\/blog\/wp-content\/uploads\/2025\/10\/Droit-a-limage-ce-que-tout-photographe-doit-savoir-1-768x439.jpg 768w\" sizes=\"auto, (max-width: 1344px) 100vw, 1344px\" \/><\/figure>\n\n<p><strong>La loi sur l\u2019image<\/strong> s\u2019appuie en particulier sur l\u2019article 9 du Code civil, appuy\u00e9 par la jurisprudence r\u00e9cente et le R\u00e8glement G\u00e9n\u00e9ral sur la Protection des Donn\u00e9es (RGPD) pour la gestion et la cession de droits sur toute \u0153uvre pr\u00e9sentant une ou plusieurs personnes reconnaissables. Le photographe d\u00e9tient en parall\u00e8le le <strong>droit d\u2019auteur<\/strong> sur ses cr\u00e9ations, ce qui lui conf\u00e8re le contr\u00f4le initial de toute reproduction, diffusion ou modification de ses clich\u00e9s. Cependant, ce droit moral ne doit ni porter atteinte \u00e0 la vie priv\u00e9e, ni supplanter les droits fondamentaux du mod\u00e8le photographi\u00e9.<\/p>\n\n<h3 class=\"wp-block-heading\"><strong>Exemples de situations courantes et responsabilit\u00e9s des photographes<\/strong><\/h3>\n\n<p>Un photographe de mariage doit imp\u00e9rativement demander l\u2019accord des invit\u00e9s pour toute publication, m\u00eame sur ses r\u00e9seaux professionnels. De m\u00eame, une entreprise souhaitant utiliser la photo de ses salari\u00e9s dans une brochure doit obtenir leur signature via une autorisation claire. Si un particulier s\u2019aper\u00e7oit qu\u2019un clich\u00e9 de lui est exploit\u00e9 sans accord, il peut contacter l\u2019auteur pour exiger le retrait ou faire valoir ses droits aupr\u00e8s du tribunal comp\u00e9tent. Les sanctions en cas de non-respect sont lourdes et incluent des dommages-int\u00e9r\u00eats, voire la suppression des supports contenant l\u2019image litigieuse.<\/p>\n\n<p>En cas de d\u00e9saccord contractuel (pas de formulaire de cession de droits sign\u00e9), le mod\u00e8le poss\u00e8de la facult\u00e9 de restreindre ou retirer son autorisation \u00e0 tout moment, sauf usage d\u2019int\u00e9r\u00eat g\u00e9n\u00e9ral ou actualit\u00e9 justifi\u00e9e. D\u2019o\u00f9 l\u2019importance pour les photographes de formaliser chaque projet, quelle que soit l\u2019ampleur de la prise de vue.<\/p>\n\n<p>Pour les photographes professionnels souhaitant en savoir plus sur l\u2019exploitation de leurs \u0153uvres dans un cadre corporate, un guide d\u00e9taill\u00e9 sur <a href=\"https:\/\/mondevis.com\/blog\/photo-corporate-image-entreprise\/\" rel=\"dofollow\">la gestion de l\u2019image en entreprise<\/a> est disponible\u00a0: il couvre les \u00e9tapes, les co\u00fbts et les risques pour l\u2019image de marque.<\/p>\n\n<h2 class=\"wp-block-heading\"><strong>\u00c9volution du droit \u00e0 l\u2019image\u00a0: technologie, r\u00e9seaux sociaux et perspectives 2025<\/strong><\/h2>\n\n<p>Avec l\u2019essor de l\u2019intelligence artificielle et des technologies de reconnaissance faciale, le respect du droit \u00e0 l\u2019image devient de plus en plus complexe. La moindre diffusion d\u2019un portrait \u2013 qu\u2019il s\u2019agisse d\u2019un mod\u00e8le professionnel ou d\u2019un passant saisi sur le vif \u2013 peut avoir des r\u00e9percussions importantes, surtout quand l\u2019image circule sur les plateformes num\u00e9riques. Les entreprises adoptent d\u00e9sormais des proc\u00e9dures internes pour la gestion de la vie priv\u00e9e et de la documentation relative aux cessions de droits, afin de respecter la l\u00e9gislation et \u00e9viter toute violation du droit de la personne.<\/p>\n\n<figure class=\"wp-block-image size-full\"><img loading=\"lazy\" decoding=\"async\" width=\"1344\" height=\"768\" src=\"https:\/\/mondevis.com\/blog\/wp-content\/uploads\/2025\/10\/Droit-a-limage-ce-que-tout-photographe-doit-savoir-2.jpg\" alt=\"d\u00e9couvrez les principes essentiels du droit \u00e0 l&#039;image et apprenez ce que chaque photographe doit savoir pour prot\u00e9ger ses droits et respecter ceux des personnes photographi\u00e9es. conseils, r\u00e8gles juridiques et bonnes pratiques.\" class=\"wp-image-447\" srcset=\"https:\/\/mondevis.com\/blog\/wp-content\/uploads\/2025\/10\/Droit-a-limage-ce-que-tout-photographe-doit-savoir-2.jpg 1344w, https:\/\/mondevis.com\/blog\/wp-content\/uploads\/2025\/10\/Droit-a-limage-ce-que-tout-photographe-doit-savoir-2-300x171.jpg 300w, https:\/\/mondevis.com\/blog\/wp-content\/uploads\/2025\/10\/Droit-a-limage-ce-que-tout-photographe-doit-savoir-2-1024x585.jpg 1024w, https:\/\/mondevis.com\/blog\/wp-content\/uploads\/2025\/10\/Droit-a-limage-ce-que-tout-photographe-doit-savoir-2-768x439.jpg 768w\" sizes=\"auto, (max-width: 1344px) 100vw, 1344px\" \/><\/figure>\n\n<p>L\u2019actualit\u00e9 r\u00e9cente, marqu\u00e9e par des scandales de deep fakes et de d\u00e9tournement d\u2019images, impose une vigilance accrue\u00a0: chaque mod\u00e8le doit pouvoir recourir facilement \u00e0 une protection juridique efficace. La formation continue des photographes inclut d\u00e9sormais un volet complet sur les d\u00e9marches de consentement, la cession de droits et les modalit\u00e9s contractuelles li\u00e9es \u00e0 la publication d\u2019images, quel que soit le support ou le contexte.<\/p>\n\n<p>Pour anticiper les risques, il est recommand\u00e9 de se tenir inform\u00e9 des \u00e9volutions r\u00e9glementaires et d\u2019adopter une d\u00e9marche transparente envers chaque sujet photographi\u00e9. Toute action de publication commerciale doit \u00eatre accompagn\u00e9e d\u2019une autorisation explicite et pr\u00e9cis\u00e9ment r\u00e9dig\u00e9e \u2013 gage de s\u00e9curit\u00e9 pour le photographe comme pour l\u2019entreprise ou le client final. Plus d\u2019informations sur l\u2019application du droit \u00e0 l\u2019image dans le cadre professionnel sont accessibles via <a href=\"https:\/\/mondevis.com\/blog\/photo-corporate-image-entreprise\/\" rel=\"dofollow\">cet article sp\u00e9cialis\u00e9<\/a>.<\/p>\n\n","protected":false},"excerpt":{"rendered":"<p>Le droit \u00e0 l\u2019image interdit toute publication ou diffusion d\u2019une photo d\u2019une personne sans son consentement \u00e9crit, m\u00eame dans l\u2019espace public. En France, pr\u00e8s de 40 % des utilisateurs ont d\u00e9j\u00e0 vu leur image partag\u00e9e sur les r\u00e9seaux sociaux sans autorisation selon une \u00e9tude de 2025 (source\u00a0: Service-public.fr). La protection juridique de l\u2019individu pr\u00e9vaut sur [&hellip;]<\/p>\n","protected":false},"author":1,"featured_media":445,"comment_status":"","ping_status":"open","sticky":false,"template":"","format":"standard","meta":{"footnotes":""},"categories":[7],"tags":[],"class_list":["post-448","post","type-post","status-publish","format-standard","has-post-thumbnail","hentry","category-photographe"],"yoast_head":"<!-- This site is optimized with the Yoast SEO plugin v27.5 - https:\/\/yoast.com\/product\/yoast-seo-wordpress\/ -->\n<title>Droit \u00e0 l&#039;image : ce que tout photographe doit savoir - Blog Mondevis<\/title>\n<meta name=\"description\" content=\"D\u00e9couvrez l&#039;essentiel sur le droit \u00e0 l&#039;image : conseils cl\u00e9s et obligations l\u00e9gales pour les photographes en France.\" \/>\n<meta name=\"robots\" content=\"index, follow, max-snippet:-1, max-image-preview:large, max-video-preview:-1\" \/>\n<link rel=\"canonical\" href=\"https:\/\/mondevis.com\/blog\/droit-image-photographe\/\" \/>\n<meta property=\"og:locale\" content=\"fr_FR\" \/>\n<meta property=\"og:type\" content=\"article\" \/>\n<meta property=\"og:title\" content=\"Droit \u00e0 l&#039;image : ce que tout photographe doit savoir - Blog Mondevis\" \/>\n<meta property=\"og:description\" content=\"D\u00e9couvrez l&#039;essentiel sur le droit \u00e0 l&#039;image : conseils cl\u00e9s et obligations l\u00e9gales pour les photographes en France.\" \/>\n<meta property=\"og:url\" content=\"https:\/\/mondevis.com\/blog\/droit-image-photographe\/\" \/>\n<meta property=\"og:site_name\" content=\"Blog Mondevis\" \/>\n<meta property=\"article:published_time\" content=\"2025-10-13T09:31:50+00:00\" \/>\n<meta property=\"og:image\" content=\"https:\/\/mondevis.com\/blog\/wp-content\/uploads\/2025\/10\/Droit-a-limage-ce-que-tout-photographe-doit-savoir.jpg\" \/>\n\t<meta property=\"og:image:width\" content=\"1344\" \/>\n\t<meta property=\"og:image:height\" content=\"768\" \/>\n\t<meta property=\"og:image:type\" content=\"image\/jpeg\" \/>\n<meta name=\"author\" content=\"Dorian\" \/>\n<meta name=\"twitter:card\" content=\"summary_large_image\" \/>\n<meta name=\"twitter:label1\" content=\"\u00c9crit par\" \/>\n\t<meta name=\"twitter:data1\" content=\"Dorian\" \/>\n\t<meta name=\"twitter:label2\" content=\"Dur\u00e9e de lecture estim\u00e9e\" \/>\n\t<meta name=\"twitter:data2\" content=\"4 minutes\" \/>\n<script type=\"application\/ld+json\" class=\"yoast-schema-graph\">{\"@context\":\"https:\\\/\\\/schema.org\",\"@graph\":[{\"@type\":\"Article\",\"@id\":\"https:\\\/\\\/mondevis.com\\\/blog\\\/droit-image-photographe\\\/#article\",\"isPartOf\":{\"@id\":\"https:\\\/\\\/mondevis.com\\\/blog\\\/droit-image-photographe\\\/\"},\"author\":{\"name\":\"Dorian\",\"@id\":\"https:\\\/\\\/mondevis.com\\\/blog\\\/#\\\/schema\\\/person\\\/a6ebae99244a47b787d52db04b94f8f8\"},\"headline\":\"Droit \u00e0 l'image : ce que tout photographe doit savoir\",\"datePublished\":\"2025-10-13T09:31:50+00:00\",\"mainEntityOfPage\":{\"@id\":\"https:\\\/\\\/mondevis.com\\\/blog\\\/droit-image-photographe\\\/\"},\"wordCount\":847,\"image\":{\"@id\":\"https:\\\/\\\/mondevis.com\\\/blog\\\/droit-image-photographe\\\/#primaryimage\"},\"thumbnailUrl\":\"https:\\\/\\\/mondevis.com\\\/blog\\\/wp-content\\\/uploads\\\/2025\\\/10\\\/Droit-a-limage-ce-que-tout-photographe-doit-savoir.jpg\",\"articleSection\":[\"Photographe\"],\"inLanguage\":\"fr-FR\"},{\"@type\":\"WebPage\",\"@id\":\"https:\\\/\\\/mondevis.com\\\/blog\\\/droit-image-photographe\\\/\",\"url\":\"https:\\\/\\\/mondevis.com\\\/blog\\\/droit-image-photographe\\\/\",\"name\":\"Droit \u00e0 l'image : ce que tout photographe doit savoir - Blog Mondevis\",\"isPartOf\":{\"@id\":\"https:\\\/\\\/mondevis.com\\\/blog\\\/#website\"},\"primaryImageOfPage\":{\"@id\":\"https:\\\/\\\/mondevis.com\\\/blog\\\/droit-image-photographe\\\/#primaryimage\"},\"image\":{\"@id\":\"https:\\\/\\\/mondevis.com\\\/blog\\\/droit-image-photographe\\\/#primaryimage\"},\"thumbnailUrl\":\"https:\\\/\\\/mondevis.com\\\/blog\\\/wp-content\\\/uploads\\\/2025\\\/10\\\/Droit-a-limage-ce-que-tout-photographe-doit-savoir.jpg\",\"datePublished\":\"2025-10-13T09:31:50+00:00\",\"author\":{\"@id\":\"https:\\\/\\\/mondevis.com\\\/blog\\\/#\\\/schema\\\/person\\\/a6ebae99244a47b787d52db04b94f8f8\"},\"description\":\"D\u00e9couvrez l'essentiel sur le droit \u00e0 l'image : conseils cl\u00e9s et obligations l\u00e9gales pour les photographes en France.\",\"breadcrumb\":{\"@id\":\"https:\\\/\\\/mondevis.com\\\/blog\\\/droit-image-photographe\\\/#breadcrumb\"},\"inLanguage\":\"fr-FR\",\"potentialAction\":[{\"@type\":\"ReadAction\",\"target\":[\"https:\\\/\\\/mondevis.com\\\/blog\\\/droit-image-photographe\\\/\"]}]},{\"@type\":\"ImageObject\",\"inLanguage\":\"fr-FR\",\"@id\":\"https:\\\/\\\/mondevis.com\\\/blog\\\/droit-image-photographe\\\/#primaryimage\",\"url\":\"https:\\\/\\\/mondevis.com\\\/blog\\\/wp-content\\\/uploads\\\/2025\\\/10\\\/Droit-a-limage-ce-que-tout-photographe-doit-savoir.jpg\",\"contentUrl\":\"https:\\\/\\\/mondevis.com\\\/blog\\\/wp-content\\\/uploads\\\/2025\\\/10\\\/Droit-a-limage-ce-que-tout-photographe-doit-savoir.jpg\",\"width\":1344,\"height\":768,\"caption\":\"d\u00e9couvrez les r\u00e8gles essentielles du droit \u00e0 l'image en france : obligations, autorisations et conseils pratiques pour prot\u00e9ger votre travail de photographe en toute l\u00e9galit\u00e9.\"},{\"@type\":\"BreadcrumbList\",\"@id\":\"https:\\\/\\\/mondevis.com\\\/blog\\\/droit-image-photographe\\\/#breadcrumb\",\"itemListElement\":[{\"@type\":\"ListItem\",\"position\":1,\"name\":\"Accueil\",\"item\":\"https:\\\/\\\/mondevis.com\\\/blog\\\/\"},{\"@type\":\"ListItem\",\"position\":2,\"name\":\"Droit \u00e0 l'image : ce que tout photographe doit savoir\"}]},{\"@type\":\"WebSite\",\"@id\":\"https:\\\/\\\/mondevis.com\\\/blog\\\/#website\",\"url\":\"https:\\\/\\\/mondevis.com\\\/blog\\\/\",\"name\":\"Blog Mondevis\",\"description\":\"\",\"potentialAction\":[{\"@type\":\"SearchAction\",\"target\":{\"@type\":\"EntryPoint\",\"urlTemplate\":\"https:\\\/\\\/mondevis.com\\\/blog\\\/?s={search_term_string}\"},\"query-input\":{\"@type\":\"PropertyValueSpecification\",\"valueRequired\":true,\"valueName\":\"search_term_string\"}}],\"inLanguage\":\"fr-FR\"},{\"@type\":\"Person\",\"@id\":\"https:\\\/\\\/mondevis.com\\\/blog\\\/#\\\/schema\\\/person\\\/a6ebae99244a47b787d52db04b94f8f8\",\"name\":\"Dorian\",\"image\":{\"@type\":\"ImageObject\",\"inLanguage\":\"fr-FR\",\"@id\":\"https:\\\/\\\/secure.gravatar.com\\\/avatar\\\/527e323e730b20c61af29436a56262bbb4a3e4ffb0660b4bf78d3ff690bf02c1?s=96&d=mm&r=g\",\"url\":\"https:\\\/\\\/secure.gravatar.com\\\/avatar\\\/527e323e730b20c61af29436a56262bbb4a3e4ffb0660b4bf78d3ff690bf02c1?s=96&d=mm&r=g\",\"contentUrl\":\"https:\\\/\\\/secure.gravatar.com\\\/avatar\\\/527e323e730b20c61af29436a56262bbb4a3e4ffb0660b4bf78d3ff690bf02c1?s=96&d=mm&r=g\",\"caption\":\"Dorian\"},\"sameAs\":[\"https:\\\/\\\/mondevis.com\\\/blog\"],\"url\":\"https:\\\/\\\/mondevis.com\\\/blog\\\/author\\\/scunadmin\\\/\"}]}<\/script>\n<!-- \/ Yoast SEO plugin. -->","yoast_head_json":{"title":"Droit \u00e0 l'image : ce que tout photographe doit savoir - Blog Mondevis","description":"D\u00e9couvrez l'essentiel sur le droit \u00e0 l'image : conseils cl\u00e9s et obligations l\u00e9gales pour les photographes en France.","robots":{"index":"index","follow":"follow","max-snippet":"max-snippet:-1","max-image-preview":"max-image-preview:large","max-video-preview":"max-video-preview:-1"},"canonical":"https:\/\/mondevis.com\/blog\/droit-image-photographe\/","og_locale":"fr_FR","og_type":"article","og_title":"Droit \u00e0 l'image : ce que tout photographe doit savoir - Blog Mondevis","og_description":"D\u00e9couvrez l'essentiel sur le droit \u00e0 l'image : conseils cl\u00e9s et obligations l\u00e9gales pour les photographes en France.","og_url":"https:\/\/mondevis.com\/blog\/droit-image-photographe\/","og_site_name":"Blog Mondevis","article_published_time":"2025-10-13T09:31:50+00:00","og_image":[{"width":1344,"height":768,"url":"https:\/\/mondevis.com\/blog\/wp-content\/uploads\/2025\/10\/Droit-a-limage-ce-que-tout-photographe-doit-savoir.jpg","type":"image\/jpeg"}],"author":"Dorian","twitter_card":"summary_large_image","twitter_misc":{"\u00c9crit par":"Dorian","Dur\u00e9e de lecture estim\u00e9e":"4 minutes"},"schema":{"@context":"https:\/\/schema.org","@graph":[{"@type":"Article","@id":"https:\/\/mondevis.com\/blog\/droit-image-photographe\/#article","isPartOf":{"@id":"https:\/\/mondevis.com\/blog\/droit-image-photographe\/"},"author":{"name":"Dorian","@id":"https:\/\/mondevis.com\/blog\/#\/schema\/person\/a6ebae99244a47b787d52db04b94f8f8"},"headline":"Droit \u00e0 l'image : ce que tout photographe doit savoir","datePublished":"2025-10-13T09:31:50+00:00","mainEntityOfPage":{"@id":"https:\/\/mondevis.com\/blog\/droit-image-photographe\/"},"wordCount":847,"image":{"@id":"https:\/\/mondevis.com\/blog\/droit-image-photographe\/#primaryimage"},"thumbnailUrl":"https:\/\/mondevis.com\/blog\/wp-content\/uploads\/2025\/10\/Droit-a-limage-ce-que-tout-photographe-doit-savoir.jpg","articleSection":["Photographe"],"inLanguage":"fr-FR"},{"@type":"WebPage","@id":"https:\/\/mondevis.com\/blog\/droit-image-photographe\/","url":"https:\/\/mondevis.com\/blog\/droit-image-photographe\/","name":"Droit \u00e0 l'image : ce que tout photographe doit savoir - Blog Mondevis","isPartOf":{"@id":"https:\/\/mondevis.com\/blog\/#website"},"primaryImageOfPage":{"@id":"https:\/\/mondevis.com\/blog\/droit-image-photographe\/#primaryimage"},"image":{"@id":"https:\/\/mondevis.com\/blog\/droit-image-photographe\/#primaryimage"},"thumbnailUrl":"https:\/\/mondevis.com\/blog\/wp-content\/uploads\/2025\/10\/Droit-a-limage-ce-que-tout-photographe-doit-savoir.jpg","datePublished":"2025-10-13T09:31:50+00:00","author":{"@id":"https:\/\/mondevis.com\/blog\/#\/schema\/person\/a6ebae99244a47b787d52db04b94f8f8"},"description":"D\u00e9couvrez l'essentiel sur le droit \u00e0 l'image : conseils cl\u00e9s et obligations l\u00e9gales pour les photographes en France.","breadcrumb":{"@id":"https:\/\/mondevis.com\/blog\/droit-image-photographe\/#breadcrumb"},"inLanguage":"fr-FR","potentialAction":[{"@type":"ReadAction","target":["https:\/\/mondevis.com\/blog\/droit-image-photographe\/"]}]},{"@type":"ImageObject","inLanguage":"fr-FR","@id":"https:\/\/mondevis.com\/blog\/droit-image-photographe\/#primaryimage","url":"https:\/\/mondevis.com\/blog\/wp-content\/uploads\/2025\/10\/Droit-a-limage-ce-que-tout-photographe-doit-savoir.jpg","contentUrl":"https:\/\/mondevis.com\/blog\/wp-content\/uploads\/2025\/10\/Droit-a-limage-ce-que-tout-photographe-doit-savoir.jpg","width":1344,"height":768,"caption":"d\u00e9couvrez les r\u00e8gles essentielles du droit \u00e0 l'image en france : obligations, autorisations et conseils pratiques pour prot\u00e9ger votre travail de photographe en toute l\u00e9galit\u00e9."},{"@type":"BreadcrumbList","@id":"https:\/\/mondevis.com\/blog\/droit-image-photographe\/#breadcrumb","itemListElement":[{"@type":"ListItem","position":1,"name":"Accueil","item":"https:\/\/mondevis.com\/blog\/"},{"@type":"ListItem","position":2,"name":"Droit \u00e0 l'image : ce que tout photographe doit savoir"}]},{"@type":"WebSite","@id":"https:\/\/mondevis.com\/blog\/#website","url":"https:\/\/mondevis.com\/blog\/","name":"Blog Mondevis","description":"","potentialAction":[{"@type":"SearchAction","target":{"@type":"EntryPoint","urlTemplate":"https:\/\/mondevis.com\/blog\/?s={search_term_string}"},"query-input":{"@type":"PropertyValueSpecification","valueRequired":true,"valueName":"search_term_string"}}],"inLanguage":"fr-FR"},{"@type":"Person","@id":"https:\/\/mondevis.com\/blog\/#\/schema\/person\/a6ebae99244a47b787d52db04b94f8f8","name":"Dorian","image":{"@type":"ImageObject","inLanguage":"fr-FR","@id":"https:\/\/secure.gravatar.com\/avatar\/527e323e730b20c61af29436a56262bbb4a3e4ffb0660b4bf78d3ff690bf02c1?s=96&d=mm&r=g","url":"https:\/\/secure.gravatar.com\/avatar\/527e323e730b20c61af29436a56262bbb4a3e4ffb0660b4bf78d3ff690bf02c1?s=96&d=mm&r=g","contentUrl":"https:\/\/secure.gravatar.com\/avatar\/527e323e730b20c61af29436a56262bbb4a3e4ffb0660b4bf78d3ff690bf02c1?s=96&d=mm&r=g","caption":"Dorian"},"sameAs":["https:\/\/mondevis.com\/blog"],"url":"https:\/\/mondevis.com\/blog\/author\/scunadmin\/"}]}},"_links":{"self":[{"href":"https:\/\/mondevis.com\/blog\/wp-json\/wp\/v2\/posts\/448","targetHints":{"allow":["GET"]}}],"collection":[{"href":"https:\/\/mondevis.com\/blog\/wp-json\/wp\/v2\/posts"}],"about":[{"href":"https:\/\/mondevis.com\/blog\/wp-json\/wp\/v2\/types\/post"}],"author":[{"embeddable":true,"href":"https:\/\/mondevis.com\/blog\/wp-json\/wp\/v2\/users\/1"}],"replies":[{"embeddable":true,"href":"https:\/\/mondevis.com\/blog\/wp-json\/wp\/v2\/comments?post=448"}],"version-history":[{"count":0,"href":"https:\/\/mondevis.com\/blog\/wp-json\/wp\/v2\/posts\/448\/revisions"}],"wp:featuredmedia":[{"embeddable":true,"href":"https:\/\/mondevis.com\/blog\/wp-json\/wp\/v2\/media\/445"}],"wp:attachment":[{"href":"https:\/\/mondevis.com\/blog\/wp-json\/wp\/v2\/media?parent=448"}],"wp:term":[{"taxonomy":"category","embeddable":true,"href":"https:\/\/mondevis.com\/blog\/wp-json\/wp\/v2\/categories?post=448"},{"taxonomy":"post_tag","embeddable":true,"href":"https:\/\/mondevis.com\/blog\/wp-json\/wp\/v2\/tags?post=448"}],"curies":[{"name":"wp","href":"https:\/\/api.w.org\/{rel}","templated":true}]}}